{"id":828,"date":"2021-04-27T17:54:23","date_gmt":"2021-04-27T17:54:23","guid":{"rendered":"http:\/\/ipcb-rj.com.br\/?p=828"},"modified":"2023-02-28T13:38:52","modified_gmt":"2023-02-28T13:38:52","slug":"pelo-dia-da-luta-da-causa-indigena","status":"publish","type":"post","link":"http:\/\/ipcb-rj.com.br\/?p=828","title":{"rendered":"PELO DIA DA LUTA DA CAUSA IND\u00cdGENA"},"content":{"rendered":"<p>Nesse dia do \u00edndio \u00e9 importante fazer a mesma pergunta de sempre, h\u00e1 o que comemorar? Com a atual situa\u00e7\u00e3o de abandono e falta de pol\u00edticas p\u00fablicas para as etnias ind\u00edgenas que ainda existem no pa\u00eds, ao inv\u00e9s de dia do \u00edndio deveria se comemorar o dia da LUTA PELA CAUSA IND\u00cdGENA. O que o Brasil faz para a defesa da cultura e ensino da hist\u00f3ria ind\u00edgena brasileira? Nosso povo nem nas escolas aprende algo sobre as mem\u00f3rias desse legado, apesar dele ser encontrado o tempo inteiro em nomes de ruas, comidas, bairros e v\u00e1rias outras refer\u00eancias.<\/p>\n<p>Sabe-se hoje que havia duas tradi\u00e7\u00f5es ind\u00edgenas no Brasil pr\u00e9-cabralino (antes da chegada de Pedro \u00c1lvares Cabral em 1500), os SAMBAQUIEIROS e os \u00cdNDIOS AMAZ\u00d4NICOS. Os primeiros tinham como maior identidade, os SAMBAQUIS, pilhas de sedimentos, principalmente de conchas e ossos de animais, areia, urnas f\u00fanebres, um morro de terra \u00e0 primeira vista para um desavisado, mas na verdade eles s\u00e3o carregados de simbolismos e ritualidades at\u00e9 hoje pouco conhecidas, eram seu centro de vida social. N\u00e3o se sabe o verdadeiro motivo de suas constru\u00e7\u00f5es, por\u00e9m alguns encontrados em Santa Catarina possuem grande complexidade chegando a medir 40 metros de altura e mais de 500 metros de comprimento. Dentro deles j\u00e1 foram encontrados adornos, armas de ca\u00e7a, resqu\u00edcios de fogueira, tamb\u00e9m de rituais de sepultamento e oferendas. Tamb\u00e9m j\u00e1 foram encontradas esculturas em pedra e em osso, que n\u00e3o se sabe se possu\u00edam o intuito de alguma adora\u00e7\u00e3o. A verdade \u00e9 que eles constituem um grande segredo ainda.<\/p>\n<p>Enquanto isso, na Amaz\u00f4nia h\u00e1 o que alguns cientistas chamam de &#8220;ber\u00e7o das culturas&#8221; pr\u00e9-cabralinas, partindo realmente do conceito que a ocupa\u00e7\u00e3o foi feita do Norte para o Sul. Pesquisas recentes realizadas em 2020 por geneticistas da USP (Universidade de S\u00e3o Paulo) e UFRGS (Universidade Federal do Rio Grande do Sul) com DNA de remanescentes de \u00edndios do litoral de Santa Catarina reafirmaram essa descend\u00eancia com \u00edndios da regi\u00e3o amaz\u00f4nica, entre as duas maiores civiliza\u00e7\u00f5es amaz\u00f4nicas existiram os MARAJOARAS e TAPAJ\u00d3S. Os primeiros desapareceram sem ainda uma explica\u00e7\u00e3o cient\u00edfica. Foi a primeira sociedade organizada no territ\u00f3rio nacional e possu\u00edam uma sociedade matriarcal, cer\u00e2mica desenvolvida e usavam muitos s\u00edmbolos representativos (observados nas diversas gravuras existentes na sua arte), os segundos hoje vivem dentro de reservas ind\u00edgenas no oeste do Par\u00e1 e mant\u00e9m seus costumes gastron\u00f4micos como o jambu (raiz anest\u00e9sica) e a piracaia (forma de assar peixe).<\/p>\n<p>Com a superpopula\u00e7\u00e3o na regi\u00e3o e a busca do mito da terra sem males (um para\u00edso, lenda da mitologia TUPI) eles migraram em duas levas para o sul: os TUPI-GUARANI desceram o rio Paran\u00e1 e os TUPINAMB\u00c1S (linhagem mais antiga da etnia) desceram pelo rio Amazonas (Desenho do Mapa). Com sociedades maiores e acostumados a guerrear cientistas defendem que eles dizimaram os sambaquieiros ou os absorveram para suas culturas. \u00danicas na\u00e7\u00f5es que resistiram a essas investidas foram da etnia dos J\u00caS transformando as duas na\u00e7\u00f5es em inimigas seculares (Tupi-guarani X J\u00eas).<\/p>\n<p>Os Tupis tamb\u00e9m tinham o costume de chamar de TAPUIA todas as etnias diferentes deles. Descendentes dos Tupis dominaram quase todo o litoral brasileiro na regi\u00e3o sul (Guaranis), sudeste (Tupinamb\u00e1s, Tupiniquins, Carij\u00f3s, Tamoios, Temimin\u00f3s eram as maiores) e no nordeste (Potiguar) e empurraram para o interior as etnias J\u00eas, sendo que s\u00f3 uma se manteve no litoral do norte do RJ e ES (Goitacazes) as demais dominaram o sert\u00e3o nordestino e sul da Bahia (Aimor\u00e9s, Cariris e Tariri\u00fas), atual Mato Grosso (Bororos e Caigangues), interior do Maranh\u00e3o e Par\u00e1 (Caraj\u00e1s), sendo esses os maiores, com suas t\u00e9cnicas de emboscada foram os maiores inimigos dos BANDEIRANTES.<\/p>\n<p>Foi no meio dessa batalha travada por milh\u00f5es de \u00edndios que os portugueses chegaram no Brasil, em 1500. N\u00e3o houve descoberta de um pa\u00eds, j\u00e1 havia uma hist\u00f3ria acontecendo nesse territ\u00f3rio, os portugueses foram INVASORES. Atrav\u00e9s do primeiro contato com as etnias Tupis do litoral s\u00e3o tra\u00e7adas as primeiras alian\u00e7as e posteriormente, seriam eles os primeiros a serem exterminados. Exterm\u00ednio que existe at\u00e9 os dias de hoje com seus descendentes, ou pela viol\u00eancia (praticada por grileiros, cartel de madeireiras, gerada pela proximidade com a cidade entre outros fatos) ou doen\u00e7as, o corona v\u00edrus \u00e9 a amea\u00e7a mais recente.<\/p>\n<p>Dia 19 de abril para qu\u00ea? Essa hist\u00f3ria precisa ser revista, falta muita coisa para ser contada. Por uma educa\u00e7\u00e3o DECOLONIAL nas escolas !!!!<\/p>\n<p>Andr\u00e9 Luiz S. Marinho<\/p>\n<p>(Contramestre de capoeira Angola e pesquisador de cultura popular)<\/p>\n<p>Veja mais sobre cultura popular:<\/p>\n<p><span style=\"\">Instagram &#8211; @bondeangola<\/span><br \/>\n<span style=\"\">Facebook \u2013 Link: <\/span><span style=\"\">https:\/\/www.facebook.com\/andre.marinho.9277\/posts\/10219957238267759<\/span><\/p>\n","protected":false},"excerpt":{"rendered":"<p>Nesse dia do \u00edndio \u00e9 importante fazer a mesma pergunta de sempre, h\u00e1 o que comemorar? Com a atual situa\u00e7\u00e3o de abandono e falta de pol\u00edticas p\u00fablicas para as etnias ind\u00edgenas que ainda existem no pa\u00eds, ao inv\u00e9s de dia do \u00edndio deveria se comemorar o dia da LUTA PELA CAUSA IND\u00cdGENA. O que o [&hellip;]<\/p>\n","protected":false},"author":4,"featured_media":1427,"comment_status":"closed","ping_status":"closed","sticky":false,"template":"","format":"standard","meta":{"_monsterinsights_skip_tracking":false,"_monsterinsights_sitenote_active":false,"_monsterinsights_sitenote_note":"","_monsterinsights_sitenote_category":0,"footnotes":""},"categories":[4],"tags":[],"class_list":["post-828","post","type-post","status-publish","format-standard","has-post-thumbnail","hentry","category-noticias"],"aioseo_notices":[],"_links":{"self":[{"href":"http:\/\/ipcb-rj.com.br\/index.php?rest_route=\/wp\/v2\/posts\/828","targetHints":{"allow":["GET"]}}],"collection":[{"href":"http:\/\/ipcb-rj.com.br\/index.php?rest_route=\/wp\/v2\/posts"}],"about":[{"href":"http:\/\/ipcb-rj.com.br\/index.php?rest_route=\/wp\/v2\/types\/post"}],"author":[{"embeddable":true,"href":"http:\/\/ipcb-rj.com.br\/index.php?rest_route=\/wp\/v2\/users\/4"}],"replies":[{"embeddable":true,"href":"http:\/\/ipcb-rj.com.br\/index.php?rest_route=%2Fwp%2Fv2%2Fcomments&post=828"}],"version-history":[{"count":13,"href":"http:\/\/ipcb-rj.com.br\/index.php?rest_route=\/wp\/v2\/posts\/828\/revisions"}],"predecessor-version":[{"id":1576,"href":"http:\/\/ipcb-rj.com.br\/index.php?rest_route=\/wp\/v2\/posts\/828\/revisions\/1576"}],"wp:featuredmedia":[{"embeddable":true,"href":"http:\/\/ipcb-rj.com.br\/index.php?rest_route=\/wp\/v2\/media\/1427"}],"wp:attachment":[{"href":"http:\/\/ipcb-rj.com.br\/index.php?rest_route=%2Fwp%2Fv2%2Fmedia&parent=828"}],"wp:term":[{"taxonomy":"category","embeddable":true,"href":"http:\/\/ipcb-rj.com.br\/index.php?rest_route=%2Fwp%2Fv2%2Fcategories&post=828"},{"taxonomy":"post_tag","embeddable":true,"href":"http:\/\/ipcb-rj.com.br\/index.php?rest_route=%2Fwp%2Fv2%2Ftags&post=828"}],"curies":[{"name":"wp","href":"https:\/\/api.w.org\/{rel}","templated":true}]}}