{"id":808,"date":"2021-04-01T00:26:36","date_gmt":"2021-04-01T00:26:36","guid":{"rendered":"http:\/\/ipcb-rj.com.br\/?p=808"},"modified":"2023-02-28T13:43:15","modified_gmt":"2023-02-28T13:43:15","slug":"quilombo-de-carukango-o-maior-do-estado-do-rj","status":"publish","type":"post","link":"http:\/\/ipcb-rj.com.br\/?p=808","title":{"rendered":"QUILOMBO DE CURAKANGO, O MAIOR DO ESTADO DO RIO DE JANEIRO"},"content":{"rendered":"<p><a href=\"http:\/\/ipcb-rj.com.br\/wp-content\/uploads\/2021\/04\/Mapa-do-prov\u00e1vel-local-do-Quilombo.jpg\"><img fetchpriority=\"high\" decoding=\"async\" class=\"alignleft  wp-image-809\" src=\"http:\/\/ipcb-rj.com.br\/wp-content\/uploads\/2021\/04\/Mapa-do-prov\u00e1vel-local-do-Quilombo.jpg\" alt=\"Mapa do prov\u00e1vel local do Quilombo\" width=\"477\" height=\"357\" \/><\/a><\/p>\n<p>No dia 1\u00ba de abril de 1831, h\u00e1 190 anos atr\u00e1s, em uma sexta-feira santa, acabava a batalha entre as mil\u00edcias organizadas por fazendeiros da regi\u00e3o de Maca\u00e9 (que englobava na \u00e9poca Quissam\u00e3, Carapebus e Concei\u00e7\u00e3o de Macab\u00fa) e as tropas lideradas pelo coronel ANT\u00c3O VASCONCELOS, experiente militar que havia chegado ao Brasil com Dom Jo\u00e3o VI. O militar veio do Esp\u00edrito Santo para liderar a batalha e acabar definitivamente com o Quilombo que durante anos foi o s\u00edmbolo de resist\u00eancia contra a escravid\u00e3o, no Norte Fluminense.<\/p>\n<p>Esse era o fim do MAIOR QUILOMBO do Estado do Rio de Janeiro. \u00c9 mais um acontecimento hist\u00f3rico invisibilizado pelas autoridades locais e tamb\u00e9m pelo Governo do Estado, que nunca se interessou em realizar pesquisas arqueol\u00f3gicas ou iniciar levantamentos sobre o quilombo e suas batalhas travadas durante 2 d\u00e9cadas. Apesar dos esfor\u00e7os em sepult\u00e1-lo novamente, \u00e9 o trabalho dos historiadores da regi\u00e3o que mant\u00e9m a lenda viva, do maior l\u00edder quilombola de terras fluminenses.<\/p>\n<p>Segundo registros:<\/p>\n<p>&#8221; &#8230; quilombo do p\u00e9 do rio Macabu&#8221; foi atacado no dia 1\u00ba de Abril de 1831, uma Sexta-feira Santa. O capit\u00e3o do quilombo (Curacango) negociou a rendi\u00e7\u00e3o dizendo que se entregaria caso se prometesse que ele e a sua gente n\u00e3o seriam mortos, caso contr\u00e1rio ele iria morrer defendendo os seus. O comandante deu a sua palavra e todos se entregaram. Entretanto, o soldado Jos\u00e9 Nunes do Barreto deu um tiro no capit\u00e3o do quilombo, e quando este tombou de joelhos, um outro soldado lhe atirou por tr\u00e1s. Ent\u00e3o foram degolados todos os guerreiros que haviam se entregado.<\/p>\n<p>Encerrados os combates, as mil\u00edcias atearam fogo \u00e0s casas e planta\u00e7\u00f5es, e atiraram os corpos dos mortos e feridos nos penhascos e na caverna sob a casa principal.<br \/>\nPara que seu exemplo n\u00e3o fosse esquecido, o corpo de Curacango foi retalhado, seus membros e tronco exibido nas fazendas e na Freguesia de Nossa Senhora das Neves. A cabe\u00e7a, espetada numa lan\u00e7a, foi colocada na estrada de maior movimento da regi\u00e3o, a do Farumbongo, onde permaneceu at\u00e9 decompor-se por completo. &#8230;&#8221;<\/p>\n<p>Fonte: &#8220;Livro de Registro de \u00d3bitos da Freguesia de Nossa Senhora das Neves e Santa Rita 1808-1847&#8221; escrito pelo Vig\u00e1rio Jo\u00e3o Bernardo da Costa Resende, conforme levantamento da Secretaria de Meio Ambiente e Patrim\u00f4nio Hist\u00f3rico &#8211; SEMAPH &#8211; de Maca\u00e9.<\/p>\n<p>Andr\u00e9 Luiz S. Marinho<\/p>\n<p>(Contramestre de capoeira Angola e pesquisador de cultura popular)<\/p>\n<p>Veja mais sobre cultura brasileira:<br \/>\nFacebook &#8211; Andr\u00e9 Marinho<br \/>\nInstagram &#8211; @bondeangola<\/p>\n","protected":false},"excerpt":{"rendered":"<p>No dia 1\u00ba de abril de 1831, h\u00e1 190 anos atr\u00e1s, em uma sexta-feira santa, acabava a batalha entre as mil\u00edcias organizadas por fazendeiros da regi\u00e3o de Maca\u00e9 (que englobava na \u00e9poca Quissam\u00e3, Carapebus e Concei\u00e7\u00e3o de Macab\u00fa) e as tropas lideradas pelo coronel ANT\u00c3O VASCONCELOS, experiente militar que havia chegado ao Brasil com Dom [&hellip;]<\/p>\n","protected":false},"author":4,"featured_media":1433,"comment_status":"closed","ping_status":"closed","sticky":false,"template":"","format":"standard","meta":{"_monsterinsights_skip_tracking":false,"_monsterinsights_sitenote_active":false,"_monsterinsights_sitenote_note":"","_monsterinsights_sitenote_category":0,"footnotes":""},"categories":[17],"tags":[],"class_list":["post-808","post","type-post","status-publish","format-standard","has-post-thumbnail","hentry","category-historia-e-cultura"],"aioseo_notices":[],"_links":{"self":[{"href":"http:\/\/ipcb-rj.com.br\/index.php?rest_route=\/wp\/v2\/posts\/808","targetHints":{"allow":["GET"]}}],"collection":[{"href":"http:\/\/ipcb-rj.com.br\/index.php?rest_route=\/wp\/v2\/posts"}],"about":[{"href":"http:\/\/ipcb-rj.com.br\/index.php?rest_route=\/wp\/v2\/types\/post"}],"author":[{"embeddable":true,"href":"http:\/\/ipcb-rj.com.br\/index.php?rest_route=\/wp\/v2\/users\/4"}],"replies":[{"embeddable":true,"href":"http:\/\/ipcb-rj.com.br\/index.php?rest_route=%2Fwp%2Fv2%2Fcomments&post=808"}],"version-history":[{"count":11,"href":"http:\/\/ipcb-rj.com.br\/index.php?rest_route=\/wp\/v2\/posts\/808\/revisions"}],"predecessor-version":[{"id":1578,"href":"http:\/\/ipcb-rj.com.br\/index.php?rest_route=\/wp\/v2\/posts\/808\/revisions\/1578"}],"wp:featuredmedia":[{"embeddable":true,"href":"http:\/\/ipcb-rj.com.br\/index.php?rest_route=\/wp\/v2\/media\/1433"}],"wp:attachment":[{"href":"http:\/\/ipcb-rj.com.br\/index.php?rest_route=%2Fwp%2Fv2%2Fmedia&parent=808"}],"wp:term":[{"taxonomy":"category","embeddable":true,"href":"http:\/\/ipcb-rj.com.br\/index.php?rest_route=%2Fwp%2Fv2%2Fcategories&post=808"},{"taxonomy":"post_tag","embeddable":true,"href":"http:\/\/ipcb-rj.com.br\/index.php?rest_route=%2Fwp%2Fv2%2Ftags&post=808"}],"curies":[{"name":"wp","href":"https:\/\/api.w.org\/{rel}","templated":true}]}}