{"id":788,"date":"2021-02-03T17:05:53","date_gmt":"2021-02-03T17:05:53","guid":{"rendered":"http:\/\/ipcb-rj.com.br\/?p=788"},"modified":"2023-02-28T13:47:44","modified_gmt":"2023-02-28T13:47:44","slug":"getulio-marinho-o-amor-o-mestre-sala-da-elegancia-e-compositor-de-talento","status":"publish","type":"post","link":"http:\/\/ipcb-rj.com.br\/?p=788","title":{"rendered":"GET\u00daLIO MARINHO, o &#8220;Amor&#8221;\u2013 O mestre sala da eleg\u00e2ncia e compositor de talento"},"content":{"rendered":"<p><a href=\"http:\/\/ipcb-rj.com.br\/wp-content\/uploads\/2021\/02\/FB_IMG_1612319828756.jpg\"><img fetchpriority=\"high\" decoding=\"async\" class=\"alignleft size-medium wp-image-786\" src=\"http:\/\/ipcb-rj.com.br\/wp-content\/uploads\/2021\/02\/FB_IMG_1612319828756-185x300.jpg\" alt=\"FB_IMG_1612319828756\" width=\"185\" height=\"300\" srcset=\"http:\/\/ipcb-rj.com.br\/wp-content\/uploads\/2021\/02\/FB_IMG_1612319828756-185x300.jpg 185w, http:\/\/ipcb-rj.com.br\/wp-content\/uploads\/2021\/02\/FB_IMG_1612319828756.jpg 200w\" sizes=\"(max-width: 185px) 100vw, 185px\" \/><\/a><\/p>\n<p>&#8220;&#8230; Pula fogueira iai\u00e1<br \/>\nPula fogueira ioi\u00f4<br \/>\nCuidado para n\u00e3o se queimar<br \/>\n<span style=\"\">Olha que a fogueira, <\/span><span style=\"\">J\u00e1 <\/span><span style=\"\">queimou o meu amor &#8230;&#8221;<\/span><br \/>\n<span style=\"\">(Get\u00falio)<\/span><\/p>\n<p>H\u00e1 57 anos atr\u00e1s nos deixava, uma lenda da cultura carioca, S. GET\u00daLIO MARINHO, o &#8220;AMOR&#8221; (Foto), apelido que carregava desde pequeno. Filho de D. Paulina e de S. Antonio Marinho (m\u00fasico conhecido como &#8220;Marinho que toca&#8221;), mudou-se para o Rio de Janeiro com a fam\u00edlia aos seis anos vindo da Bahia. Ainda com a mesma idade, integrou o tradicional\u00edssimo rancho DOIS DE OURO. O menino Get\u00falio foi criado frequentando as casas das tias baianas, como BEBIANA, GRACINDA, CIATA e CAL\u00da BONECA. Na adolesc\u00eancia participou dos primeiros ranchos carnavalescos cariocas criados por baianos do bairro da Sa\u00fade como PORTA-MACHADO (eram os protetores do estandarte, geralmente os melhores capoeiristas do bairro), l\u00e1 conheceu o lend\u00e1rio HIL\u00c1RIO JOVINO, que viria a ser seu mentor.<\/p>\n<p>Viveu sua inf\u00e2ncia e adolesc\u00eancia na lend\u00e1ria &#8220;Pequena \u00c1frica&#8221;, antiga regi\u00e3o central da cidade do RJ, aonde nasceu o samba e demais manifesta\u00e7\u00f5es culturais. O destino lhe reservou um verdadeiro presente, quando pequeno pode conviver e aprender as manhas e passos da tradi\u00e7\u00e3o dos BALIZAS, chamados hoje de mestres-salas, com o pioneiro Mestre Hil\u00e1rio, tamb\u00e9m chamado de LAL\u00da DE OURO (leia sobre ele no outro texto, links: http:\/\/ipcb-rj.com.br\/?p=691 ou https:\/\/www.instagram.com\/p\/B817VWOpFcb\/&#8230;), normalmente eram escolhidos entre os valent\u00f5es da regi\u00e3o (muitos eram CAPOEIRAS) para proteger o estandarte bailando. Tornando-se o \u00edcone da segunda gera\u00e7\u00e3o de mestres-salas do carnaval carioca virou um grande especialista e refer\u00eancia nesta arte, segundo o Dicion\u00e1rio Ricardo Cravo Albin da M\u00fasica Popular Brasileira. Tamb\u00e9m era tocador de OMEL\u00ca, uma cu\u00edca primitiva.<\/p>\n<p>Para se destacar, no meio, adotou uma indument\u00e1ria pr\u00f3pria, usando sempre impec\u00e1veis ternos, passou a ser conhecido pela eleg\u00e2ncia que emprestava a sua apresenta\u00e7\u00e3o nos ranchos que dan\u00e7ou, tamb\u00e9m possu\u00eda bom tr\u00e2nsito na reda\u00e7\u00e3o dos jornais da \u00e9poca e com as autoridades locais. Iniciou a carreira art\u00edstica em 1916, atuando como dan\u00e7arino na revista Dan\u00e7a de Velho, pe\u00e7a apresentada no Teatro S\u00e3o Jos\u00e9. Desfilou no ano seguinte no rancho FLOR DO ABACATE, depois no QUEM FALA DE N\u00d3S TEM PAIX\u00c3O e em 1921, passou a atuar no rancho REINADO DE SILVA (famoso na \u00e9poca, por ter sido fundado por estivadores). Nos desfiles estava sempre vestido de forma impec\u00e1vel, com roupas de fidalgo, sapatos de fivela e salto alto, de luvas e cabeleira empoada, como se fosse algu\u00e9m vindo das cortes francesas, era comum receber aplausos do p\u00fablico presente aos desfiles quando se apresentava. \u00c9 dele o passo aonde se encosta o peito do p\u00e9 na dobra da outra perna e se desce quase at\u00e9 o calcanhar flexionando a perna abanando o leque, um legado imitado at\u00e9 hoje.<\/p>\n<p>N\u00e3o bastasse sua participa\u00e7\u00e3o e fama consolidada no carnaval carioca, Get\u00falio tamb\u00e9m passou a se destacar pelas composi\u00e7\u00f5es de samba que fazia, nos prim\u00f3rdios de um mercado fonogr\u00e1fico que come\u00e7ava a surgir na antiga capital. A primeira composi\u00e7\u00e3o gravada em 1930, o samba &#8220;N\u00c3O QUERO AMOR&#8221; com um grupo criado por ele chamado Conjunto Africano. Fez uma bem sucedida parceria com o cantor Francisco Alves resultando nos sucessos &#8220;APANHANDO O PAPEL&#8221; (1931) e &#8220;PULA A FOGUEIRA&#8221; (1936), cantada at\u00e9 hoje. Na d\u00e9cada de 30, gravou outros sambas e se tornou um dos maiores nomes do samba carioca. Em 1934 ajudou a fundar a Uni\u00e3o das Escolas de Samba, de cuja primeira secretaria fez parte, a entidade instituiu o concurso &#8220;Cidad\u00e3o Samba&#8221;, t\u00edtulo que Marinho recebeu no ano de 1940.<\/p>\n<p>Frequentador de terreiros de Umbanda, conheceu pais de santo famosos como JO\u00c3O ALAB\u00c1, ASSUMANO e ABED\u00c9. Get\u00falio foi se apaixonando pela linhas mel\u00f3dicas dos pontos de santo que ouvia (cantigas religiosas) e passou adapt\u00e1-los e os gravou em discos. Foi pioneiro na grava\u00e7\u00e3o de m\u00fasicas que exaltavam as culturas afro-brasileiras e assim tamb\u00e9m ajudou na divulga\u00e7\u00e3o da religi\u00f5es de matriz africana. \u00c9 dele a grava\u00e7\u00e3o de &#8220;PONTO DE OGUM&#8221; e &#8220;CANTO DE EXU&#8221; (1930) em dueto com Mano El\u00f3i e do &#8220;REI DE UMBANDA&#8221; (1932) em dueto com Moreira da Silva. Tamb\u00e9m comp\u00f4s outros dois pontos em 1932 gravados no disco de Jo\u00e3o Quilomb\u00f4 chamados &#8220;PISA NO TOCO&#8221; e &#8220;QUILOMB\u00d4&#8221;. Toda sua obra est\u00e1 dispon\u00edvel atualmente com grava\u00e7\u00e3o original na plataforma do YouTube.<\/p>\n<p>Sua eleg\u00e2ncia ficou de legado para as gera\u00e7\u00f5es de sambistas que viriam em seguida como Ataulfo Alves e Paulinho da Viola e seus passos fazem parte das aulas nas escolinhas de forma\u00e7\u00e3o de mestre-sala, apesar da dan\u00e7a hoje sofrer descaracteriza\u00e7\u00e3o com o samba acelerado e a necessidade de se pontuar para os 40 jurados espalhados nos camarotes da Sapuca\u00ed. A arte dos antigos BALIZAS se manteve viva no bailado de \u00c9LCIO PV, RONALDINHO e CLAUDINHO, os mestres salas mais premiados do carnaval carioca contempor\u00e2neo, e DELEGADO, considerado o maior de todos (em 36 anos de desfile pela Mangueira s\u00f3 ganhou nota dez dos jurados). Suas m\u00fasicas foram, em vida, gravadas por in\u00fameros artistas de sucesso da \u00e9poca, como Francisco Alves, Henric\u00e3o, J. B. de Carvalho, Orlando Silva, Nelson Gon\u00e7alves, Bide, Jo\u00e3o da Baiana, entre outros. Foi o nome do carnaval carioca nas d\u00e9cadas de 30 e 40, junto com ISMAEL SILVA e BIDE, por\u00e9m hoje ningu\u00e9m fala nele.<\/p>\n<p>Get\u00falio Marinho faleceu no Rio de Janeiro em 31 de janeiro de 1964, aos 74 anos de idade, no Hospital dos Servidores do antigo Estado da Guanabara, trabalhou como funcion\u00e1rio p\u00fablico no cargo de servente da Inspetoria dos Servi\u00e7os de Profilaxia do Departamento Nacional de Sa\u00fade P\u00fablica durante muitos anos, o que lhe rendeu uma pequena aposentadoria.<\/p>\n<p>Andr\u00e9 Luiz S. Marinho<\/p>\n<p>(Contramestre de capoeira Angola e pesquisador de cultura popular)<\/p>\n<p>Veja mais sobre cultura brasileira:<br \/>\nInstagram &#8211; @bondeangola<br \/>\nFacebook \u2013 https:\/\/www.facebook.com\/andre.marinho.9277\/posts\/10219381787241843<\/p>\n","protected":false},"excerpt":{"rendered":"<p>&#8220;&#8230; Pula fogueira iai\u00e1 Pula fogueira ioi\u00f4 Cuidado para n\u00e3o se queimar Olha que a fogueira, J\u00e1 queimou o meu amor &#8230;&#8221; (Get\u00falio) H\u00e1 57 anos atr\u00e1s nos deixava, uma lenda da cultura carioca, S. GET\u00daLIO MARINHO, o &#8220;AMOR&#8221; (Foto), apelido que carregava desde pequeno. Filho de D. Paulina e de S. Antonio Marinho (m\u00fasico [&hellip;]<\/p>\n","protected":false},"author":4,"featured_media":0,"comment_status":"closed","ping_status":"closed","sticky":false,"template":"","format":"standard","meta":{"_monsterinsights_skip_tracking":false,"_monsterinsights_sitenote_active":false,"_monsterinsights_sitenote_note":"","_monsterinsights_sitenote_category":0,"footnotes":""},"categories":[17],"tags":[],"class_list":["post-788","post","type-post","status-publish","format-standard","hentry","category-historia-e-cultura"],"aioseo_notices":[],"_links":{"self":[{"href":"http:\/\/ipcb-rj.com.br\/index.php?rest_route=\/wp\/v2\/posts\/788","targetHints":{"allow":["GET"]}}],"collection":[{"href":"http:\/\/ipcb-rj.com.br\/index.php?rest_route=\/wp\/v2\/posts"}],"about":[{"href":"http:\/\/ipcb-rj.com.br\/index.php?rest_route=\/wp\/v2\/types\/post"}],"author":[{"embeddable":true,"href":"http:\/\/ipcb-rj.com.br\/index.php?rest_route=\/wp\/v2\/users\/4"}],"replies":[{"embeddable":true,"href":"http:\/\/ipcb-rj.com.br\/index.php?rest_route=%2Fwp%2Fv2%2Fcomments&post=788"}],"version-history":[{"count":11,"href":"http:\/\/ipcb-rj.com.br\/index.php?rest_route=\/wp\/v2\/posts\/788\/revisions"}],"predecessor-version":[{"id":1581,"href":"http:\/\/ipcb-rj.com.br\/index.php?rest_route=\/wp\/v2\/posts\/788\/revisions\/1581"}],"wp:attachment":[{"href":"http:\/\/ipcb-rj.com.br\/index.php?rest_route=%2Fwp%2Fv2%2Fmedia&parent=788"}],"wp:term":[{"taxonomy":"category","embeddable":true,"href":"http:\/\/ipcb-rj.com.br\/index.php?rest_route=%2Fwp%2Fv2%2Fcategories&post=788"},{"taxonomy":"post_tag","embeddable":true,"href":"http:\/\/ipcb-rj.com.br\/index.php?rest_route=%2Fwp%2Fv2%2Ftags&post=788"}],"curies":[{"name":"wp","href":"https:\/\/api.w.org\/{rel}","templated":true}]}}