{"id":763,"date":"2020-10-27T19:14:40","date_gmt":"2020-10-27T19:14:40","guid":{"rendered":"http:\/\/ipcb-rj.com.br\/?p=763"},"modified":"2023-02-28T13:53:38","modified_gmt":"2023-02-28T13:53:38","slug":"darcy-ribeiro-o-pensador-por-tras-do-politico","status":"publish","type":"post","link":"http:\/\/ipcb-rj.com.br\/?p=763","title":{"rendered":"Darcy Ribeiro \u2013 O pensador por tr\u00e1s do pol\u00edtico"},"content":{"rendered":"<p><a href=\"http:\/\/ipcb-rj.com.br\/wp-content\/uploads\/2020\/10\/Darcy-e-a-Universidade.jpg\"><img fetchpriority=\"high\" decoding=\"async\" class=\"alignleft size-medium wp-image-764\" src=\"http:\/\/ipcb-rj.com.br\/wp-content\/uploads\/2020\/10\/Darcy-e-a-Universidade-300x300.jpg\" alt=\"Darcy e a Universidade\" width=\"300\" height=\"300\" srcset=\"http:\/\/ipcb-rj.com.br\/wp-content\/uploads\/2020\/10\/Darcy-e-a-Universidade-300x300.jpg 300w, http:\/\/ipcb-rj.com.br\/wp-content\/uploads\/2020\/10\/Darcy-e-a-Universidade-150x150.jpg 150w, http:\/\/ipcb-rj.com.br\/wp-content\/uploads\/2020\/10\/Darcy-e-a-Universidade-320x320.jpg 320w, http:\/\/ipcb-rj.com.br\/wp-content\/uploads\/2020\/10\/Darcy-e-a-Universidade-50x50.jpg 50w, http:\/\/ipcb-rj.com.br\/wp-content\/uploads\/2020\/10\/Darcy-e-a-Universidade-100x100.jpg 100w, http:\/\/ipcb-rj.com.br\/wp-content\/uploads\/2020\/10\/Darcy-e-a-Universidade.jpg 334w\" sizes=\"(max-width: 300px) 100vw, 300px\" \/><\/a><\/p>\n<p>&#8220;&#8230; A crise da educa\u00e7\u00e3o no Brasil n\u00e3o \u00e9 uma crise, \u00e9 um projeto &#8230;&#8221;<br \/>\n(Darcy)<\/p>\n<p>No \u00faltimo dia 26 outubro comemorou-se 98 anos de nascimento de um dos maiores pensadores brasileiros chamado DARCY RIBEIRO. Ele foi antrop\u00f3logo, historiador, soci\u00f3logo e escritor de uma obra lida e traduzida para diversos idiomas. Seu extenso trabalho de estudos em rela\u00e7\u00e3o aos ind\u00edgenas e \u00e0 educa\u00e7\u00e3o no pa\u00eds \u00e9 refer\u00eancia at\u00e9 hoje, mas a verdade \u00e9 que o &#8220;Darcy pol\u00edtico&#8221; \u00e9 mais conhecido do que o &#8220;Darcy pensador&#8221;. O Brasil e a academia precisam corrigir isso.<\/p>\n<p>Quando pequeno frequentou o Grupo Escolar Gon\u00e7alves Chaves e o Gin\u00e1sio Episcopal de Montes Claros. Ao t\u00e9rmino desta fase fixou resid\u00eancia no estado S\u00e3o Paulo e iniciou sua forma\u00e7\u00e3o em Ci\u00eancias Sociais na institui\u00e7\u00e3o de ensino de Sociologia e Pol\u00edtica, com conclus\u00e3o em 1946.<\/p>\n<p>Darcy tornou-se um indigenista e viveu por dez anos entre os \u00edndios Bororo, Kadiw\u00e9u, entre outras etnias, decifrando seu modo de existir e pensar, aonde escreveu posteriormente um livro de mem\u00f3rias. Tamb\u00e9m conheceu e conviveu com o lend\u00e1rio MARECHAL RONDON, seu tutor e de quem se tornou o herdeiro na luta em defesa dos \u00edndios. No ano de 1953 o antrop\u00f3logo organizou o MUSEU DO \u00cdNDIO, primeira institui\u00e7\u00e3o brasileira criada para lutar contra o preconceito sobre eles e o senso comum que descrevia os ind\u00edgenas como &#8220;canibais, pregui\u00e7osos e violentos&#8221;. Fruto deste trabalho foi sua obra conhecida como a ANTROPOLOGIA DA CIVILIZA\u00c7\u00c3O com qual se debru\u00e7ou por toda a sua vida. Tamb\u00e9m participou do projeto de cria\u00e7\u00e3o do PARQUE IND\u00cdGENA DO XINGU, localizado no Mato Grosso, aonde colaborou com a funda\u00e7\u00e3o junto com EDUARDO GALV\u00c3O e os IRM\u00c3OS VILLAS-BOAS, em 1961.<\/p>\n<p>Na Escola de Administra\u00e7\u00e3o P\u00fablica da Funda\u00e7\u00e3o Get\u00falio Vargas lecionou Antropologia e na Faculdade Nacional de Filosofia lecionou Etnografia Brasileira e L\u00edngua Tupi. Em 1955, organizou o primeiro curso de p\u00f3s-gradua\u00e7\u00e3o em Antropologia Cultural no Brasil e em 1958 foi presidente da ABA (Associa\u00e7\u00e3o Brasileira de Antropologia).<br \/>\nNo governo de Juscelino Kubitschek, recebeu o convite para participar do grupo de estudos que criaria a Universidade de Bras\u00edlia, fazia parte do projeto da nova capital do pa\u00eds, junto com seu grande amigo professor AN\u00cdSIO TEIXEIRA elaborada no in\u00edcio da d\u00e9cada de 1960, ficando tamb\u00e9m na hist\u00f3ria desta institui\u00e7\u00e3o por ter sido seu primeiro reitor. A UnB representou um avan\u00e7o ao substituir as c\u00e1tedras, o estudante tinha uma oportunidade de incorporar uma cultura universit\u00e1ria, um aprendizado de conv\u00edvio social para depois ser preparado para a profiss\u00e3o escolhida, infelizmente com o GOLPE MILITAR DE 1964, o campus foi invadido por tropas militares e o projeto s\u00f3 seria novamente implantado na d\u00e9cada de 80.<\/p>\n<p>Darcy Ribeiro foi ministro da Educa\u00e7\u00e3o durante Regime Parlamentarista do governo do presidente JO\u00c3O GOULART e chefe da Casa Civil. Tamb\u00e9m foi convidado a participar de reformas universit\u00e1rias no Chile, Peru, Venezuela, M\u00e9xico e Uruguai, depois de deixar o Brasil devido \u00e0 ditadura militar de 1964. Teve seus direitos pol\u00edticos cassados e como consequ\u00eancia foi exilado no Peru e Chile. Nesse per\u00edodo escreve &#8220;O PROCESSO CIVILIZAT\u00d3RIO: etapas da evolu\u00e7\u00e3o s\u00f3cio-cultural&#8221;, obra publicada por toda a Am\u00e9rica Latina.<\/p>\n<p>Retorna ao Brasil em 1976 dedicando \u00e0 educa\u00e7\u00e3o p\u00fablica e em 1980 foi anistiado, estabeleceu-se no Rio de Janeiro, foi convidado por Leonel Brizola para ser seu Vice-Governador, quando pela primeira vez ocupa um cargo pol\u00edtico. Deu continuidade as suas ideias sobre EDUCA\u00c7\u00c3O se envolvendo com v\u00e1rios projetos como a idealiza\u00e7\u00e3o do CIEP (Centro Integrado de Ensino P\u00fablico), escolas aonde alunos ficariam em tempo integral estudando diversos tipos de disciplinas de cunho recreativo e cultural num projeto pedag\u00f3gico revolucion\u00e1rio in\u00e9dito no Brasil, cria\u00e7\u00e3o da Biblioteca P\u00fablica do estado, criou a Casa Fran\u00e7a-Brasil, a Casa Laura Alvim al\u00e9m do Samb\u00f3dromo do Rio de Janeiro, onde instalou 200 salas de aula para permitir seu funcionamento como escola prim\u00e1ria. Em v\u00e1rios momentos homenageou o amigo An\u00edsio Teixeira, j\u00e1 falecido, como tamb\u00e9m respons\u00e1vel por aquela revolu\u00e7\u00e3o educacional. Darcy se candidatou, mas n\u00e3o conseguiu ganhar as elei\u00e7\u00f5es do Estado do Rio de Janeiro e os governos posteriores iniciaram um processo lento de desmonte de sua pol\u00edtica educacional, hoje os CIEPS est\u00e3o abandonados.<\/p>\n<p>Foi eleito para Senador e inicia seu mandato pelo Rio de Janeiro, a partir de 1991. No mesmo ano foi convidado pelo governador do Rio de Janeiro para conceber uma nova universidade, localizada na cidade de Campos dos Goytacazes (interior do RJ), a Universidade do Terceiro Mil\u00eanio, que hoje leva seu nome: a Universidade Estadual do Norte Fluminense (UENF). Seu modelo de universidade inspirou a cria\u00e7\u00e3o de novas universidades como as federais do ABC e do Sul da Bahia. Seu \u00faltimo grande ato pela educa\u00e7\u00e3o foi a cria\u00e7\u00e3o da LDB (Lei de Diretrizes e Bases da Educa\u00e7\u00e3o Nacional), que regulamenta a educa\u00e7\u00e3o brasileira, em 1996.<\/p>\n<p>Em 1995 publica a sua grande obra &#8220;O POVO BRASILEIRO: A forma\u00e7\u00e3o e o sentido do Brasil&#8221; em que aborda a forma\u00e7\u00e3o hist\u00f3rica, \u00e9tnica e cultural do povo brasileiro, com impress\u00f5es e estudos de sua vida toda. \u00c9 justamente neste livro que ele reuni seus conceitos de POVO NOVO, TRANSFIGURA\u00c7\u00c3O \u00c9TNICA, suas propostas te\u00f3ricas para a Am\u00e9rica Latina, entre outros pontos. O pensador se esfor\u00e7a em demonstrar como se deu a unifica\u00e7\u00e3o de uma identidade \u00e9tnico-nacional (ou MACROETNIA), apesar das forma\u00e7\u00f5es culturais r\u00fasticas de cada regi\u00e3o brasileira. O surgimento do Brasil Sulino, Brasil Caboclo, Brasil Caipira, Brasil Sertanejo e Brasil Crioulo do litoral (dos descendentes dos Engenhos e planta\u00e7\u00f5es de Caf\u00e9).<\/p>\n<p>Suas ideias e suas obras sobre a identidade da Am\u00e9rica dialogaram e influenciaram v\u00e1rios estudiosos latino-americanos posteriores. Sempre foi cr\u00edtico da vis\u00e3o euroc\u00eantrica presente nos estudos sobre nossos povos e resistiu a essas imposi\u00e7\u00f5es defendendo o fato de que nos tr\u00f3picos havia uma OUTRA FORMA de se viver e sentir a vida. N\u00f3s n\u00e3o \u00e9ramos o atraso e sim O FUTURO do mundo. \u00c9 esse o legado deixado pela sua obra.<\/p>\n<p>No momento de imposi\u00e7\u00e3o de um modelo de projeto pol\u00edtico e social que N\u00c3O REPRESENTA nosso povo, \u00e9 important\u00edssimo redescobrir a obra dos VERDADEIROS BRASILEIROS que se importaram com esse pa\u00eds e seu futuro. Com uma atua\u00e7\u00e3o no campo da pol\u00edtica, pesquisa e educa\u00e7\u00e3o ainda sem compara\u00e7\u00e3o na recente hist\u00f3ria do pa\u00eds, Darcy integra a lista de um dos maiores intelectuais de uma gera\u00e7\u00e3o de pensadores que ainda teve PAULO FREIRE e FLORESTAN FERNANDES como refer\u00eancia.<\/p>\n<p>O legado desse GRIOT deveria ser ensinado nas escolas de ensino m\u00e9dio e deveria estar mais presente nas Universidades. Os brasileiros precisam conhecer mais sobre o Brasil, para n\u00e3o se enganarem com a mediocridade do NEGACIONISMO atual !!!!<\/p>\n<p>Andr\u00e9 Luiz S. Marinho<\/p>\n<p>(Contramestre de capoeira Angola e pesquisador de cultura popular)<\/p>\n<p>Veja mais sobre cultura brasileira:<\/p>\n<p>Instagram &#8211; @bondeangola<\/p>\n<p><span style=\"\">Facebook \u2013 Andr\u00e9 Marinho<\/span><\/p>\n","protected":false},"excerpt":{"rendered":"<p>&#8220;&#8230; A crise da educa\u00e7\u00e3o no Brasil n\u00e3o \u00e9 uma crise, \u00e9 um projeto &#8230;&#8221; (Darcy) No \u00faltimo dia 26 outubro comemorou-se 98 anos de nascimento de um dos maiores pensadores brasileiros chamado DARCY RIBEIRO. Ele foi antrop\u00f3logo, historiador, soci\u00f3logo e escritor de uma obra lida e traduzida para diversos idiomas. Seu extenso trabalho de [&hellip;]<\/p>\n","protected":false},"author":4,"featured_media":0,"comment_status":"closed","ping_status":"closed","sticky":false,"template":"","format":"standard","meta":{"_monsterinsights_skip_tracking":false,"_monsterinsights_sitenote_active":false,"_monsterinsights_sitenote_note":"","_monsterinsights_sitenote_category":0,"footnotes":""},"categories":[17],"tags":[],"class_list":["post-763","post","type-post","status-publish","format-standard","hentry","category-historia-e-cultura"],"aioseo_notices":[],"_links":{"self":[{"href":"http:\/\/ipcb-rj.com.br\/index.php?rest_route=\/wp\/v2\/posts\/763","targetHints":{"allow":["GET"]}}],"collection":[{"href":"http:\/\/ipcb-rj.com.br\/index.php?rest_route=\/wp\/v2\/posts"}],"about":[{"href":"http:\/\/ipcb-rj.com.br\/index.php?rest_route=\/wp\/v2\/types\/post"}],"author":[{"embeddable":true,"href":"http:\/\/ipcb-rj.com.br\/index.php?rest_route=\/wp\/v2\/users\/4"}],"replies":[{"embeddable":true,"href":"http:\/\/ipcb-rj.com.br\/index.php?rest_route=%2Fwp%2Fv2%2Fcomments&post=763"}],"version-history":[{"count":8,"href":"http:\/\/ipcb-rj.com.br\/index.php?rest_route=\/wp\/v2\/posts\/763\/revisions"}],"predecessor-version":[{"id":1585,"href":"http:\/\/ipcb-rj.com.br\/index.php?rest_route=\/wp\/v2\/posts\/763\/revisions\/1585"}],"wp:attachment":[{"href":"http:\/\/ipcb-rj.com.br\/index.php?rest_route=%2Fwp%2Fv2%2Fmedia&parent=763"}],"wp:term":[{"taxonomy":"category","embeddable":true,"href":"http:\/\/ipcb-rj.com.br\/index.php?rest_route=%2Fwp%2Fv2%2Fcategories&post=763"},{"taxonomy":"post_tag","embeddable":true,"href":"http:\/\/ipcb-rj.com.br\/index.php?rest_route=%2Fwp%2Fv2%2Ftags&post=763"}],"curies":[{"name":"wp","href":"https:\/\/api.w.org\/{rel}","templated":true}]}}