{"id":757,"date":"2020-10-07T19:01:02","date_gmt":"2020-10-07T19:01:02","guid":{"rendered":"http:\/\/ipcb-rj.com.br\/?p=757"},"modified":"2023-02-28T13:57:07","modified_gmt":"2023-02-28T13:57:07","slug":"mestre-sereno-um-mestre-na-sua-plenitude","status":"publish","type":"post","link":"http:\/\/ipcb-rj.com.br\/?p=757","title":{"rendered":"Mestre Sereno &#8211; Um mestre na sua plenitude"},"content":{"rendered":"<p><a href=\"http:\/\/ipcb-rj.com.br\/wp-content\/uploads\/2020\/10\/Foto-1-Wilson-Sereno.jpg\"><img decoding=\"async\" class=\"alignleft size-full wp-image-758\" src=\"http:\/\/ipcb-rj.com.br\/wp-content\/uploads\/2020\/10\/Foto-1-Wilson-Sereno.jpg\" alt=\"Foto 1 - Wilson Sereno\" width=\"176\" height=\"222\" \/><\/a><\/p>\n<p>Em 28 de setembro de 1995, h\u00e1 25 anos fazia a passagem Wilson Ara\u00fajo dos Santos, mais conhecido no RJ como o Mestre WILSON SERENO (Foto). Criado na cidade de Salvador sempre gostou de capoeira e treinou com Cobrinha Verde, conheceu Mestre Bimba, mas se encantou com uma roda de capoeira na rua que assistiu uma vez e era comandada pelo famoso Mestre CAI\u00c7ARA, que se tornaria seu mestre e o ensinaria as manhas da tradi\u00e7\u00e3o, por ele ganharia o apelido de WILSON BOB\u00d3 (devido adorar bob\u00f3 de camar\u00e3o).<\/p>\n<p>Ainda adolescente ingressou na escola de APRENDIZES DA MARINHA e tornando-se militar foi transferido jovem para a cidade do Rio de Janeiro chegando aqui, por volta de 1962. Ele ent\u00e3o se enturmou com os capoeiristas da regi\u00e3o da Leopoldina dando aula no Clube Suru\u00ed e Country Club, em Br\u00e1s de Pina, no clube 30 Maio, na Penha, mas ficou muito conhecido atrav\u00e9s de suas aulas e rodas de capoeira na CASA DO MARINHEIRO (clube de recrea\u00e7\u00e3o dos militares da Marinha, localizado na avenida Brasil), aonde montou seu primeiro grupo de alunos.<br \/>\nFrequentou todas as boas rodas da \u00e9poca da d\u00e9cada de 60, como a da Academia do Mestre Z\u00e9 Pedro, Mestre Touro, Mentirinha e foi contempor\u00e2neo dos grandes nomes da capoeiragem antiga carioca como Mestre Silas, Mestre Geg\u00ea, Mestre Artur Em\u00eddio, al\u00e9m de Mestre Fernandinho e Mestre \u00cdndio (tamb\u00e9m alunos de Cai\u00e7ara). Mestre Sereno tamb\u00e9m foi o primeiro a dar aula de capoeira dentro de um navio, o &#8220;ALMIRANTE BARROSO&#8221;, que deu a volta ao mundo.<\/p>\n<p><span style=\"\">Em 1974, O Mestre Sereno foi transferido para a Base A\u00e9rea Naval de S\u00e3o Pedro da Aldeia (BAeNSPA), na Regi\u00e3o dos Lagos, interior do RJ, \u00fanica organiza\u00e7\u00e3o desse tipo da Marinha no Brasil. Na \u00e9poca, a regi\u00e3o era pouco habitada e ele praticamente foi o pioneiro no ensino da capoeira e outras manifesta\u00e7\u00f5es populares na regi\u00e3o, se envolveu com o carnaval da regi\u00e3o sendo o diretor do bloco e mestre de bateria do CACIQUE DE IGUABA, fundado em 1983 que rivalizava com o ACAD\u00caMICOS DO SOPOT\u00d3. Essa disputa tornou o carnaval da cidade muito procurado na d\u00e9cada de 80 rivalizando com o de Cabo Frio, seu nome \u00e9 lembrado at\u00e9 hoje na cultura local da Regi\u00e3o dos Lagos, aonde ficou conhecido como WILSON CAPOEIRA. <\/span><span style=\"\">Formou alguns alunos na regi\u00e3o entre eles o Mestre Saquarema, considerado hoje um dos mais antigos do interior. Em 1982, seu filho, hoje Mestre Celinho, come\u00e7ou a dar aula dando continuidade ao seu trabalho, junto com outros alunos, hoje se encontra na Europa. Foi na d\u00e9cada de 60, na Casa do Marinheiro, que ele come\u00e7ou ensinar a N\u00cdLSON, um jovem da regi\u00e3o que tinha treinado com CAPIT\u00c3O NACIF, um antigo capoeira da Vila Kosmos (proximidades da regi\u00e3o de Iraj\u00e1), que estava querendo se aprimorar na arte, por isso o procurou quando soube de suas aulas, assim se inicia a linhagem da capoeira angola que perten\u00e7o, atrav\u00e9s da continuidade dada pelo meu Mestre Arer\u00ea.<\/span><\/p>\n<p>Wilson Sereno representa a figura do mestre de cultura popular na sua plenitude, ajudando a educar jovens e fomentando a cultura local.<\/p>\n<p>Isso \u00e9 um pouco da hist\u00f3ria da capoeiragem angola carioca !!!<\/p>\n<p>Andr\u00e9 Luiz S. Marinho<\/p>\n<p>(Contramestre de capoeira Angola e pesquisador de cultura popular)<\/p>\n<p>Veja mais sobre cultura brasileira:<\/p>\n<p>Instagram &#8211; @bondeangola<\/p>\n<p>Facebook \u2013 Andr\u00e9 Marinho<\/p>\n","protected":false},"excerpt":{"rendered":"<p>Em 28 de setembro de 1995, h\u00e1 25 anos fazia a passagem Wilson Ara\u00fajo dos Santos, mais conhecido no RJ como o Mestre WILSON SERENO (Foto). Criado na cidade de Salvador sempre gostou de capoeira e treinou com Cobrinha Verde, conheceu Mestre Bimba, mas se encantou com uma roda de capoeira na rua que assistiu [&hellip;]<\/p>\n","protected":false},"author":4,"featured_media":0,"comment_status":"closed","ping_status":"closed","sticky":false,"template":"","format":"standard","meta":{"_monsterinsights_skip_tracking":false,"_monsterinsights_sitenote_active":false,"_monsterinsights_sitenote_note":"","_monsterinsights_sitenote_category":0,"footnotes":""},"categories":[17],"tags":[],"class_list":["post-757","post","type-post","status-publish","format-standard","hentry","category-historia-e-cultura"],"aioseo_notices":[],"_links":{"self":[{"href":"http:\/\/ipcb-rj.com.br\/index.php?rest_route=\/wp\/v2\/posts\/757","targetHints":{"allow":["GET"]}}],"collection":[{"href":"http:\/\/ipcb-rj.com.br\/index.php?rest_route=\/wp\/v2\/posts"}],"about":[{"href":"http:\/\/ipcb-rj.com.br\/index.php?rest_route=\/wp\/v2\/types\/post"}],"author":[{"embeddable":true,"href":"http:\/\/ipcb-rj.com.br\/index.php?rest_route=\/wp\/v2\/users\/4"}],"replies":[{"embeddable":true,"href":"http:\/\/ipcb-rj.com.br\/index.php?rest_route=%2Fwp%2Fv2%2Fcomments&post=757"}],"version-history":[{"count":8,"href":"http:\/\/ipcb-rj.com.br\/index.php?rest_route=\/wp\/v2\/posts\/757\/revisions"}],"predecessor-version":[{"id":1588,"href":"http:\/\/ipcb-rj.com.br\/index.php?rest_route=\/wp\/v2\/posts\/757\/revisions\/1588"}],"wp:attachment":[{"href":"http:\/\/ipcb-rj.com.br\/index.php?rest_route=%2Fwp%2Fv2%2Fmedia&parent=757"}],"wp:term":[{"taxonomy":"category","embeddable":true,"href":"http:\/\/ipcb-rj.com.br\/index.php?rest_route=%2Fwp%2Fv2%2Fcategories&post=757"},{"taxonomy":"post_tag","embeddable":true,"href":"http:\/\/ipcb-rj.com.br\/index.php?rest_route=%2Fwp%2Fv2%2Ftags&post=757"}],"curies":[{"name":"wp","href":"https:\/\/api.w.org\/{rel}","templated":true}]}}