{"id":701,"date":"2020-03-31T19:36:17","date_gmt":"2020-03-31T19:36:17","guid":{"rendered":"http:\/\/ipcb-rj.com.br\/?p=701"},"modified":"2023-02-28T14:15:24","modified_gmt":"2023-02-28T14:15:24","slug":"riachao-o-maior-sambista-da-bahia","status":"publish","type":"post","link":"http:\/\/ipcb-rj.com.br\/?p=701","title":{"rendered":"Riach\u00e3o &#8211; o maior sambista da Bahia"},"content":{"rendered":"<p><a href=\"http:\/\/ipcb-rj.com.br\/wp-content\/uploads\/2020\/03\/Foto-de-Riach\u00e3o.jpg\"><img decoding=\"async\" class=\"alignleft size-medium wp-image-702\" src=\"http:\/\/ipcb-rj.com.br\/wp-content\/uploads\/2020\/03\/Foto-de-Riach\u00e3o-300x141.jpg\" alt=\"Foto de Riach\u00e3o\" width=\"300\" height=\"141\" srcset=\"http:\/\/ipcb-rj.com.br\/wp-content\/uploads\/2020\/03\/Foto-de-Riach\u00e3o-300x141.jpg 300w, http:\/\/ipcb-rj.com.br\/wp-content\/uploads\/2020\/03\/Foto-de-Riach\u00e3o-1024x481.jpg 1024w, http:\/\/ipcb-rj.com.br\/wp-content\/uploads\/2020\/03\/Foto-de-Riach\u00e3o-710x333.jpg 710w, http:\/\/ipcb-rj.com.br\/wp-content\/uploads\/2020\/03\/Foto-de-Riach\u00e3o-320x150.jpg 320w, http:\/\/ipcb-rj.com.br\/wp-content\/uploads\/2020\/03\/Foto-de-Riach\u00e3o.jpg 1600w\" sizes=\"(max-width: 300px) 100vw, 300px\" \/><\/a><\/p>\n<p><em>\u201c &#8230; SE O RJ N\u00c3O ESCREVER, A BAHIA N\u00c3O CANTA &#8230;\u201d<\/em><\/p>\n<p>Nascido em novembro de 1921, CLEMENTINO RODRIGUES, cresceu ouvindo os TERNOS DE REIS da Bahia, antiga manifesta\u00e7\u00e3o popular. Justamente a mesma que Hil\u00e1rio Jovino levou da Bahia para o RJ, que foi o embri\u00e3o dos Ranchos Carnavalescos. Comp\u00f4s seu primeiro samba com 12 anos e gostava de cantar sambas cariocas que ouvia na r\u00e1dio.<br \/>\nFoi uma testemunha viva da transi\u00e7\u00e3o do samba de roda baiano para o samba urbano. Considerado o maior representante de uma gera\u00e7\u00e3o de bo\u00eamios baianos todos compositores de samba, podem ser citados: PANELA, EDIL PACHECO, Gordurinha, WALMIR LIMA, TI\u00c3O MOTORISTA, BATATINHA e EDERALDO GENTIL.<\/p>\n<p>O Mestre teve o protagonismo na Bahia, semelhante ao de \u201cIsmael Silva\u201d para o samba carioca e incomodado com a FRASE ACIMA DO TEXTO que ele um dia leu numa cr\u00edtica especializada se dedicou a cantar e desenvolver o SAMBA BAIANO. Uma de suas grandes virtudes foi trazer para o samba o sotaque e os saberes do povo de sua terra. Seus grandes sucessos nacionais foram \u201cCada macaco no seu galho\u201d (originada depois de uma briga com um ex-s\u00f3cio de um estabelecimento comercial que n\u00e3o deu certo) e \u201cV\u00c1 MORAR COM O DIABO\u201d (hist\u00f3ria de um conflituoso relacionamento amoroso). No \u00e2mbito regional foram v\u00e1rios como \u201cUmbig\u00e3o da baleia\u201d (inspirado em uma enorme baleia que morreu encalhada na cidade) entre outros. Suas m\u00fasicas foram gravadas por v\u00e1rios astros da MPB como Gilberto Gil, Caetano Veloso, C\u00e1ssia Eller e praticamente todos os cantores da gera\u00e7\u00e3o do Ax\u00e9 Music, entre eles GANG DO SAMBA, trazendo o samba de roda do Rec\u00f4ncavo para a grande m\u00eddia. Tamb\u00e9m teve suas m\u00fasicas gravadas por Jackson do Pandeiro (\u201cSaia rota\u201d e \u201cMeu patr\u00e3o\u201d).<\/p>\n<p>Seu nome come\u00e7ou a fazer sucesso na \u00e9poca da r\u00e1dio em Salvador, era conhecido como &#8220;o cronista musical da cidade&#8221; cantando suas m\u00fasicas e sambas cariocas na R\u00c1DIO SOCIEDADE BAHIA, junto com o famoso humorista e compositor GORDURINHA. Nunca fez parceria musical e foi autor \u00fanico de um vasto repert\u00f3rio. Por nunca ter sa\u00eddo de Salvador, sua carreira ficou restrita ao p\u00fablico regional at\u00e9 a d\u00e9cada de 70 quando Caetano e Gil gravaram sua m\u00fasica &#8220;CADA MACACO NO SEU GALHO&#8221; com um enfoque cr\u00edtico em rela\u00e7\u00e3o ao Golpe Militar, o velho malandro baiano passa a ser conhecido nacionalmente.<\/p>\n<p>Fez participa\u00e7\u00f5es na TV e no cinema, como no filme &#8220;A grande feira&#8221; (1961) de Roberto Pires e &#8220;Pastores da noite&#8221; (1962) de Marcel Camus. Em 2008, uma trag\u00e9dia abalou sua vida quando perdeu mulher e filhos em um acidente de carro, no Rio de Janeiro.<\/p>\n<p>Riach\u00e3o foi uma grande inspira\u00e7\u00e3o para toda a gera\u00e7\u00e3o seguinte de bons compositores baianos como Roque Ferreira, Roberto Mendes e Nelson Rufino.<\/p>\n<p>Seu vel\u00f3rio foi restrito aos parentes, devido as proibi\u00e7\u00f5es de aglomera\u00e7\u00e3o das autoridades sanit\u00e1rias, por causa da epidemia do Corona v\u00edrus.<br \/>\nDepois disso tudo, ainda vamos cantar muito suas m\u00fasicas.<\/p>\n<p>Descanse em paz Mestre !!!!!<\/p>\n<p>Andr\u00e9 Luiz S. Marinho<\/p>\n<p>(Contramestre de capoeira Angola e pesquisador de cultura popular)<\/p>\n<p>Veja mais sobre cultura brasileira:<\/p>\n<p>Instagram &#8211; @bondeangola<\/p>\n<p>Facebook \u2013 Andr\u00e9 Marinho<\/p>\n","protected":false},"excerpt":{"rendered":"<p>\u201c &#8230; SE O RJ N\u00c3O ESCREVER, A BAHIA N\u00c3O CANTA &#8230;\u201d Nascido em novembro de 1921, CLEMENTINO RODRIGUES, cresceu ouvindo os TERNOS DE REIS da Bahia, antiga manifesta\u00e7\u00e3o popular. Justamente a mesma que Hil\u00e1rio Jovino levou da Bahia para o RJ, que foi o embri\u00e3o dos Ranchos Carnavalescos. Comp\u00f4s seu primeiro samba com 12 [&hellip;]<\/p>\n","protected":false},"author":4,"featured_media":0,"comment_status":"closed","ping_status":"closed","sticky":false,"template":"","format":"standard","meta":{"_monsterinsights_skip_tracking":false,"_monsterinsights_sitenote_active":false,"_monsterinsights_sitenote_note":"","_monsterinsights_sitenote_category":0,"footnotes":""},"categories":[17],"tags":[],"class_list":["post-701","post","type-post","status-publish","format-standard","hentry","category-historia-e-cultura"],"aioseo_notices":[],"_links":{"self":[{"href":"http:\/\/ipcb-rj.com.br\/index.php?rest_route=\/wp\/v2\/posts\/701","targetHints":{"allow":["GET"]}}],"collection":[{"href":"http:\/\/ipcb-rj.com.br\/index.php?rest_route=\/wp\/v2\/posts"}],"about":[{"href":"http:\/\/ipcb-rj.com.br\/index.php?rest_route=\/wp\/v2\/types\/post"}],"author":[{"embeddable":true,"href":"http:\/\/ipcb-rj.com.br\/index.php?rest_route=\/wp\/v2\/users\/4"}],"replies":[{"embeddable":true,"href":"http:\/\/ipcb-rj.com.br\/index.php?rest_route=%2Fwp%2Fv2%2Fcomments&post=701"}],"version-history":[{"count":13,"href":"http:\/\/ipcb-rj.com.br\/index.php?rest_route=\/wp\/v2\/posts\/701\/revisions"}],"predecessor-version":[{"id":1596,"href":"http:\/\/ipcb-rj.com.br\/index.php?rest_route=\/wp\/v2\/posts\/701\/revisions\/1596"}],"wp:attachment":[{"href":"http:\/\/ipcb-rj.com.br\/index.php?rest_route=%2Fwp%2Fv2%2Fmedia&parent=701"}],"wp:term":[{"taxonomy":"category","embeddable":true,"href":"http:\/\/ipcb-rj.com.br\/index.php?rest_route=%2Fwp%2Fv2%2Fcategories&post=701"},{"taxonomy":"post_tag","embeddable":true,"href":"http:\/\/ipcb-rj.com.br\/index.php?rest_route=%2Fwp%2Fv2%2Ftags&post=701"}],"curies":[{"name":"wp","href":"https:\/\/api.w.org\/{rel}","templated":true}]}}