{"id":447,"date":"2018-05-16T14:53:12","date_gmt":"2018-05-16T14:53:12","guid":{"rendered":"http:\/\/ipcb-rj.com.br\/?p=447"},"modified":"2022-05-30T11:18:58","modified_gmt":"2022-05-30T11:18:58","slug":"vi-feijoada-da-liberdade-quilombo-da-machadinha-quissama-rj","status":"publish","type":"post","link":"http:\/\/ipcb-rj.com.br\/?p=447","title":{"rendered":"VI Feijoada da Liberdade &#8211; Quilombo da Machadinha (Quissam\u00e3 &#8211; RJ)"},"content":{"rendered":"\n\n\n<p>Uma viagem \u00e0s ra\u00edzes africanas. Assim pode ser definida a programa\u00e7\u00e3o elaborada para a VI Feijoada da Liberdade, que ser\u00e1 realizada neste s\u00e1bado (19), na Casa de Artes de Machadinha, em Quissam\u00e3. O evento \u00e9 uma realiza\u00e7\u00e3o da Associa\u00e7\u00e3o de Remanescentes de Quilombo de Machadinha (Arquima), com apoio da Prefeitura, e envolve, al\u00e9m do almo\u00e7o, roda de conversa, oficinas, apresenta\u00e7\u00e3o de jongo, capoeira, barracas de comidas t\u00edpicas e show de forr\u00f3.<\/p>\n\n\n\n<p>\u201cA comunidade se mobiliza para manter suas tradi\u00e7\u00f5es. \u00c9 importante manter viva a nossa hist\u00f3ria, com discuss\u00f5es permanentes sobre tudo o que nos cerca. Uma das atra\u00e7\u00f5es desse dia t\u00e3o especial ser\u00e1 uma roda de conversa sobre os quilombos. Vale ressaltar a parceria com a Prefeitura em mais essa iniciativa\u201d, lembrou Wagner Nunes, presidente da Arquima.<\/p>\n\n\n\n<p>Para a coordenadora especial de Cultura e Lazer, Amanda Fragoso, as atividades previstas para s\u00e1bado devem servir para reflex\u00e3o. \u201cAp\u00f3s 130 anos da aboli\u00e7\u00e3o da escravatura, a Feijoada da Liberdade, em Machadinha, \u00e9 um marco da for\u00e7a e resist\u00eancia da Cultura Negra, frente aos novos desafios da atualidade\u201d, destacou.<\/p>\n\n\n\n<p><strong>Programa\u00e7\u00e3o<\/strong><\/p>\n\n\n\n<p>12h &#8211; Feijoada (R$ 15)<\/p>\n\n\n\n<p>14h &#8211; Roda de Conversa \u201cA for\u00e7a e resist\u00eancia dos quilombos: ontem e hoje\u201d<\/p>\n\n\n\n<p>15h &#8211; Oficina de Jongo<\/p>\n\n\n\n<p>15h30 &#8211; M\u00edstica (encena\u00e7\u00e3o de marionetes)<\/p>\n\n\n\n<p>16h30 &#8211; Capoeira<\/p>\n\n\n\n<p>19h &#8211; Roda de Jongo e Fogueira<\/p>\n\n\n\n<p>20h &#8211; Show de forr\u00f3<\/p>\n","protected":false},"excerpt":{"rendered":"<p>Uma viagem \u00e0s ra\u00edzes africanas. Assim pode ser definida a programa\u00e7\u00e3o elaborada para a VI Feijoada da Liberdade, que ser\u00e1 realizada neste s\u00e1bado (19), na Casa de Artes de Machadinha, em Quissam\u00e3. O evento \u00e9 uma realiza\u00e7\u00e3o da Associa\u00e7\u00e3o de Remanescentes de Quilombo de Machadinha (Arquima), com apoio da Prefeitura, e envolve, al\u00e9m do almo\u00e7o, [&hellip;]<\/p>\n","protected":false},"author":4,"featured_media":1448,"comment_status":"open","ping_status":"open","sticky":false,"template":"","format":"standard","meta":{"_monsterinsights_skip_tracking":false,"_monsterinsights_sitenote_active":false,"_monsterinsights_sitenote_note":"","_monsterinsights_sitenote_category":0,"footnotes":""},"categories":[6],"tags":[],"class_list":["post-447","post","type-post","status-publish","format-standard","has-post-thumbnail","hentry","category-agenda-cultural"],"aioseo_notices":[],"_links":{"self":[{"href":"http:\/\/ipcb-rj.com.br\/index.php?rest_route=\/wp\/v2\/posts\/447","targetHints":{"allow":["GET"]}}],"collection":[{"href":"http:\/\/ipcb-rj.com.br\/index.php?rest_route=\/wp\/v2\/posts"}],"about":[{"href":"http:\/\/ipcb-rj.com.br\/index.php?rest_route=\/wp\/v2\/types\/post"}],"author":[{"embeddable":true,"href":"http:\/\/ipcb-rj.com.br\/index.php?rest_route=\/wp\/v2\/users\/4"}],"replies":[{"embeddable":true,"href":"http:\/\/ipcb-rj.com.br\/index.php?rest_route=%2Fwp%2Fv2%2Fcomments&post=447"}],"version-history":[{"count":7,"href":"http:\/\/ipcb-rj.com.br\/index.php?rest_route=\/wp\/v2\/posts\/447\/revisions"}],"predecessor-version":[{"id":1453,"href":"http:\/\/ipcb-rj.com.br\/index.php?rest_route=\/wp\/v2\/posts\/447\/revisions\/1453"}],"wp:featuredmedia":[{"embeddable":true,"href":"http:\/\/ipcb-rj.com.br\/index.php?rest_route=\/wp\/v2\/media\/1448"}],"wp:attachment":[{"href":"http:\/\/ipcb-rj.com.br\/index.php?rest_route=%2Fwp%2Fv2%2Fmedia&parent=447"}],"wp:term":[{"taxonomy":"category","embeddable":true,"href":"http:\/\/ipcb-rj.com.br\/index.php?rest_route=%2Fwp%2Fv2%2Fcategories&post=447"},{"taxonomy":"post_tag","embeddable":true,"href":"http:\/\/ipcb-rj.com.br\/index.php?rest_route=%2Fwp%2Fv2%2Ftags&post=447"}],"curies":[{"name":"wp","href":"https:\/\/api.w.org\/{rel}","templated":true}]}}