{"id":233,"date":"2013-02-16T12:06:39","date_gmt":"2013-02-16T12:06:39","guid":{"rendered":"http:\/\/ipcb-rj.com.br\/?p=233"},"modified":"2013-02-17T12:11:46","modified_gmt":"2013-02-17T12:11:46","slug":"233","status":"publish","type":"post","link":"http:\/\/ipcb-rj.com.br\/?p=233","title":{"rendered":"Mapeamento cultural das Favelas"},"content":{"rendered":"<p>Para o ge\u00f3grafo Jorge Barbosa, a favela tem uma riqueza e uma pluralidade cultural desconhecidas e n\u00e3o reconhecidas. Porque as pessoas podem at\u00e9 conhecer, mas n\u00e3o reconhecem como cultura. Segundo o pesquisador da UFF, as favelas s\u00e3o solos f\u00e9rteis para a cria\u00e7\u00e3o cultural.<\/p>\n<p>Diretor do Observat\u00f3rio de Favelas, Jos\u00e9 Barbosa \u00e9 coordenador geral do projeto Solos Culturais, que mapeou institui\u00e7\u00f5es, grupos e indiv\u00edduos que produzem cultura em cinco comunidades pacificadas: Complexo do Alem\u00e3o, Rocinha, Complexo da Penha, Manguinhos e Cidade de Deus. O belo trabalho vai resultar em duas publica\u00e7\u00f5es: no livro \u201cSolos culturais\u201d, que ser\u00e1 lan\u00e7ado dia 22, e no \u201cGuia cultural das favelas\u201d, com previs\u00e3o de lan\u00e7amento em mar\u00e7o ou abril.<\/p>\n<p>Durante um ano, cem jovens das favelas foram formados em pesquisa social da cultura. Em novembro e dezembro de 2012, eles sa\u00edram a campo. O guia trar\u00e1 um levantamento minucioso, com fotos, endere\u00e7os, hor\u00e1rios, telefones e descri\u00e7\u00e3o das atividades das comunidades.<\/p>\n","protected":false},"excerpt":{"rendered":"<p>Para o ge\u00f3grafo Jorge Barbosa, a favela tem uma riqueza e uma pluralidade cultural desconhecidas e n\u00e3o reconhecidas. Porque as pessoas podem at\u00e9 conhecer, mas n\u00e3o reconhecem como cultura. Segundo o pesquisador da UFF, as favelas s\u00e3o solos f\u00e9rteis para a cria\u00e7\u00e3o cultural. Diretor do Observat\u00f3rio de Favelas, Jos\u00e9 Barbosa \u00e9 coordenador geral do projeto [&hellip;]<\/p>\n","protected":false},"author":4,"featured_media":234,"comment_status":"closed","ping_status":"closed","sticky":false,"template":"","format":"standard","meta":{"_monsterinsights_skip_tracking":false,"_monsterinsights_sitenote_active":false,"_monsterinsights_sitenote_note":"","_monsterinsights_sitenote_category":0,"footnotes":""},"categories":[6],"tags":[],"class_list":["post-233","post","type-post","status-publish","format-standard","has-post-thumbnail","hentry","category-agenda-cultural"],"aioseo_notices":[],"_links":{"self":[{"href":"http:\/\/ipcb-rj.com.br\/index.php?rest_route=\/wp\/v2\/posts\/233","targetHints":{"allow":["GET"]}}],"collection":[{"href":"http:\/\/ipcb-rj.com.br\/index.php?rest_route=\/wp\/v2\/posts"}],"about":[{"href":"http:\/\/ipcb-rj.com.br\/index.php?rest_route=\/wp\/v2\/types\/post"}],"author":[{"embeddable":true,"href":"http:\/\/ipcb-rj.com.br\/index.php?rest_route=\/wp\/v2\/users\/4"}],"replies":[{"embeddable":true,"href":"http:\/\/ipcb-rj.com.br\/index.php?rest_route=%2Fwp%2Fv2%2Fcomments&post=233"}],"version-history":[{"count":6,"href":"http:\/\/ipcb-rj.com.br\/index.php?rest_route=\/wp\/v2\/posts\/233\/revisions"}],"predecessor-version":[{"id":236,"href":"http:\/\/ipcb-rj.com.br\/index.php?rest_route=\/wp\/v2\/posts\/233\/revisions\/236"}],"wp:featuredmedia":[{"embeddable":true,"href":"http:\/\/ipcb-rj.com.br\/index.php?rest_route=\/wp\/v2\/media\/234"}],"wp:attachment":[{"href":"http:\/\/ipcb-rj.com.br\/index.php?rest_route=%2Fwp%2Fv2%2Fmedia&parent=233"}],"wp:term":[{"taxonomy":"category","embeddable":true,"href":"http:\/\/ipcb-rj.com.br\/index.php?rest_route=%2Fwp%2Fv2%2Fcategories&post=233"},{"taxonomy":"post_tag","embeddable":true,"href":"http:\/\/ipcb-rj.com.br\/index.php?rest_route=%2Fwp%2Fv2%2Ftags&post=233"}],"curies":[{"name":"wp","href":"https:\/\/api.w.org\/{rel}","templated":true}]}}