{"id":1758,"date":"2023-10-10T12:05:48","date_gmt":"2023-10-10T12:05:48","guid":{"rendered":"http:\/\/ipcb-rj.com.br\/?p=1758"},"modified":"2023-11-06T22:27:51","modified_gmt":"2023-11-06T22:27:51","slug":"a-queda-do-reino-de-daome-invasao-francesa","status":"publish","type":"post","link":"http:\/\/ipcb-rj.com.br\/?p=1758","title":{"rendered":"A QUEDA DO REINO DE DAOM\u00c9 (invas\u00e3o francesa)"},"content":{"rendered":"\n<p>No dia 04 de outubro, caiu um dos Reinos africanos que teve muita import\u00e2ncia para a economia do Brasil escravagista da \u00e9poca do Imp\u00e9rio, o Reino de Daom\u00e9 (atual Benim). Sua queda ocorreu com a ocupa\u00e7\u00e3o definitiva da Fran\u00e7a em sua capital ABOMEI, em 1892, na Batalha de DJEBE, durante a SEGUNDA GUERRA FRANCO-DAOMEANA.<\/p>\n\n\n\n<p>O Reino de Daom\u00e9 foi t\u00e3o estrat\u00e9gico para o tr\u00e1fico negreiro no Brasil que possuiu um representante em Salvador chamado CHURUM\u00c1 NADIR. Sua representa\u00e7\u00e3o ocorreu no ano de 1750 a ele foi dado regalias de chefe de Estado e estadia no Col\u00e9gio dos Jesu\u00edtas. Contrastava com a presen\u00e7a negra das ruas de Salvador, pois desfilava com toda a pompa de um soberano o que chamava muita aten\u00e7\u00e3o dos moradores locais. Permaneceu 6 meses no Brasil fechando parcerias comerciais e apaziguando alguns conflitos entre Daom\u00e9 e o Reino de Portugal.&nbsp;<\/p>\n\n\n\n<p>Economicamente sua import\u00e2ncia aumenta a partir da expans\u00e3o b\u00e9lica iniciada pelo rei AGAJ\u00c1 que trava v\u00e1rias guerras pelo controle da Costa do Marfim, regi\u00e3o que passa a ser vital para o nefasto tr\u00e1fico humano de negros. Ele ataca e domina os importantes reinos de AJUD\u00c1 (que possu\u00eda um importante porto e o Forte de S\u00e3o Batista de Ajud\u00e1), Alad\u00e1, Tofo e Ou\u00e9m\u00e9 (aonde era localizado Porto Novo, tamb\u00e9m de extrema import\u00e2ncia econ\u00f4mica). Agaj\u00e1 foi um soberano de Daom\u00e9 muito temido pela destrui\u00e7\u00e3o que promovia nos vilarejos e reinos que atacava. Tinha o costume de decapitar seus inimigos e deixava seus cr\u00e2nios espetados em estacas por volta do seu pal\u00e1cio, em Abomei. A Costa da Guin\u00e9 passou a ser conhecida como, COSTA DOS ESCRAVOS.<\/p>\n\n\n\n<p>Agaj\u00e1 iniciou a carreira militar assumindo o comando das tropas de seu irm\u00e3o WEGBAJA e aos 19 anos, em 1716, assumiu o trono. Com ele o reino cresce para aproximadamente 200 mil habitantes, possu\u00eda o rosto marcado por v\u00e1rias cicatrizes de var\u00edola e foi sucedido pelo seu filho, TEGBESSO, em 1740. No seu reinado, Daom\u00e9 se tornou um Estado militarizado e centralizado que passa a ter o tr\u00e1fico de humanos africanos como base de sua economia e assim obrigava cada vez mais declarar guerra aos reinos vizinhos para escravizar seus povos. O com\u00e9rcio de armas de fogo com os pa\u00edses europeus tamb\u00e9m era essencial para a manuten\u00e7\u00e3o de seu poder b\u00e9lico.<\/p>\n\n\n\n<p>Esse contato comercial permitiu que o Ocidente conhecesse e estudasse bastante sobre sua hist\u00f3ria e cultura desse reino. Outra hist\u00f3ria que ficou muito famosa foi da guerra entre os dois irm\u00e3os sucessores do trono, ADANDOZAN e GUEZO. O primeiro governou o reino por muito tempo, mas teria que abdicar do poder devido uma determina\u00e7\u00e3o do or\u00e1culo de IF\u00c1 (semelhante ao jogo de b\u00fazios dos iorub\u00e1s) para seu irm\u00e3o por parte de pai Guezo. Quando seu pai morre ele manda a m\u00e3e de seu meio irm\u00e3 para o Brasil como escravizada e troca seu nome NA AGOTIME por MARIA JESU\u00cdNA. Ao chegar no Maranh\u00e3o, a mesma \u00e9 reconhecida pelos negros aqui escravizados e se torna uma lideran\u00e7a dos negros maranhenses fundando o terreiro CASA DAS MINAS, que inicia a tradi\u00e7\u00e3o JEJE em S\u00e3o Luis. Guezo ao saber toma o poder trava uma guerra interna com seu irm\u00e3o e envia seu trono&nbsp; para o Brasil, presenteando D. Jo\u00e3o VI, para abolir seu nome da dinastia da fam\u00edlia. O mesmo fazia parte do acervo hist\u00f3rico do Museu Nacional e foi destru\u00eddo no vergonhoso inc\u00eandio de 2018.<\/p>\n\n\n\n<p>Logo em seguida, Guezo fortalece o poder militar do Reino e por n\u00e3o confiar nas tropas que j\u00e1 foram comandadas pelo seu irm\u00e3o d\u00e1 autonomia para um grupamento militar especial que havia chamado de AHOSSI formado apenas por mulheres (Foto) e as transforma em sua guarda pessoal. No seu reinado elas chegam ao contingente de aproximadamente 6000. Elas n\u00e3o podiam se casar, ter filhos e oficialmente eram casadas com o rei. Possu\u00edam grande status social de forma que pessoas do povo n\u00e3o podiam as olhar nos olhos, quando andavam nas ruas, ao terminar os \u00e1rduos treinamentos, que se iniciavam na fase infantil, e serem integradas a tropa recebiam uma Winchester (fuzil autom\u00e1tico), porrete e fac\u00e3o especial, todos para uso pessoal.&nbsp; H\u00e1 v\u00e1rios relatos de viajantes sobre elas. Al\u00e9m de protegerem o rei e o Pal\u00e1cio participaram de v\u00e1rias batalhas tendo sido vitoriosas em in\u00fameras.<\/p>\n\n\n\n<p>&nbsp;Devido essa estrutura era importante invadir outros reinos menores e dominar as rotas do tr\u00e1fico, mas houve um Reino que impossibilitou essa ascen\u00e7\u00e3o, o Reino de OY\u00d3 (que se localizava no interior do continente, na regi\u00e3o sul da atual Nig\u00e9ria). Por perder a batalha com esse Reino Daom\u00e9 teve que pagar tributos para poder passar com os capturados nas batalhas. As guerras entre esses dois reinos chegou a assustar os pa\u00edses europeus, pois havia \u00e9pocas que os navios negreiros nem podiam aportar na regi\u00e3o. Tamb\u00e9m causou um grande desespero aos pequenos reinos que viviam entre eles, aonde criaram a CONFEDERA\u00c7\u00c3O MAHI, que sofreria milhares de invas\u00f5es e teve v\u00e1rios de seus membros escravizados e enviados para as Am\u00e9ricas, aqui receberia a denomina\u00e7\u00e3o de povos JEJE ou MINA. Um pouco dessa hist\u00f3ria \u00e9 contada no filme MULHER RAINHA com Viola Davis.<\/p>\n\n\n\n<p>No aspecto religioso, tanto daomeanos quanto os povos ditos mahi tinha em sua maioria a etnia FON e cultuavam \u00e0 devo\u00e7\u00e3o e culto aos VODUNS entidades com o qual eles se relacionavam e faziam contato com o espiritual. Dessa regi\u00e3o \u00e9 oriundo o culto ao IF\u00c1 (um jogo com poder adivinhat\u00f3rio muito cultuado em Cuba e no Brasil) e tamb\u00e9m muitos negros dessa regi\u00e3o foram enviados para a Am\u00e9rica Central (Haiti, Honduras, Nicar\u00e1gua entre outros) aonde o colonizador acabou denominando a religi\u00e3o pelo nome das entidades cultuadas. Posteriormente, o cinema discriminatoriamente passa a chamar de VODU HAITIANO e o caracteriza de forma pejorativa. No Brasil, eles s\u00e3o mais cultuados no maranh\u00e3o (como j\u00e1 dito) e na Bahia nos terreiros de candombl\u00e9 JEJ\u00ca.<\/p>\n\n\n\n<p>Com o bloqueio ao tr\u00e1fico negreiro feito pela Inglaterra o reino se enfraquece economicamente e politicamente e o seu cobi\u00e7ados portos passa a ser pretendidos pela Fran\u00e7a e Inglaterra que d\u00e3o os primeiros passos na corrida pela coloniza\u00e7\u00e3o do continente africano, reproduzindo a antiga rivalidade entre os dois pa\u00edses europeus. A Inglaterra invade Porto Novo em 1861, que pede ajuda a Fran\u00e7a na qual j\u00e1 havia uma parceria comercial. A mesma passa a ocupar militarmente a regi\u00e3o desagradando Daom\u00e9 isso gera a I Batalha entre Fran\u00e7a X Daom\u00e9 em 1889, que logo teve uma tr\u00e9gua. Com o clima de hostilidade que se criou se iniciou a II Batalha, quando Fran\u00e7a recebe refor\u00e7os e tamb\u00e9m apoio de tropas da regi\u00e3o de Porto Novo e vence Daom\u00e9 ocupando sua capital Abomei, a partir da BATALHA DE DJEBE. O Reino se tornaria uma col\u00f4nia francesa. Somente em agosto de 1960 eles irian conquistar sua independ\u00eancia da Fran\u00e7a, mas mudaria seu nome para Benim.<\/p>\n\n\n\n<p><\/p>\n\n\n\n<p><strong>Andr\u00e9 Luiz S. Marinho<\/strong><br>(Contramestre de capoeira Angola e pesquisador de cultura popular)<\/p>\n\n\n\n<p>Veja mais em:<br>@bondeangola<br><a href=\"https:\/\/www.facebook.com\/andre.marinho.9277\" target=\"_blank\" rel=\"noopener\" title=\"\">Facebook &#8211; Andr\u00e9 Marinho<\/a><\/p>\n","protected":false},"excerpt":{"rendered":"<p>No dia 04 de outubro, caiu um dos Reinos africanos que teve muita import\u00e2ncia para a economia do Brasil escravagista da \u00e9poca do Imp\u00e9rio, o Reino de Daom\u00e9 (atual Benim). Sua queda ocorreu com a ocupa\u00e7\u00e3o definitiva da Fran\u00e7a em sua capital ABOMEI, em 1892, na Batalha de DJEBE, durante a SEGUNDA GUERRA FRANCO-DAOMEANA. O [&hellip;]<\/p>\n","protected":false},"author":3,"featured_media":1760,"comment_status":"open","ping_status":"open","sticky":false,"template":"","format":"standard","meta":{"_monsterinsights_skip_tracking":false,"_monsterinsights_sitenote_active":false,"_monsterinsights_sitenote_note":"","_monsterinsights_sitenote_category":0,"footnotes":""},"categories":[17],"tags":[],"class_list":["post-1758","post","type-post","status-publish","format-standard","has-post-thumbnail","hentry","category-historia-e-cultura"],"aioseo_notices":[],"_links":{"self":[{"href":"http:\/\/ipcb-rj.com.br\/index.php?rest_route=\/wp\/v2\/posts\/1758","targetHints":{"allow":["GET"]}}],"collection":[{"href":"http:\/\/ipcb-rj.com.br\/index.php?rest_route=\/wp\/v2\/posts"}],"about":[{"href":"http:\/\/ipcb-rj.com.br\/index.php?rest_route=\/wp\/v2\/types\/post"}],"author":[{"embeddable":true,"href":"http:\/\/ipcb-rj.com.br\/index.php?rest_route=\/wp\/v2\/users\/3"}],"replies":[{"embeddable":true,"href":"http:\/\/ipcb-rj.com.br\/index.php?rest_route=%2Fwp%2Fv2%2Fcomments&post=1758"}],"version-history":[{"count":4,"href":"http:\/\/ipcb-rj.com.br\/index.php?rest_route=\/wp\/v2\/posts\/1758\/revisions"}],"predecessor-version":[{"id":1767,"href":"http:\/\/ipcb-rj.com.br\/index.php?rest_route=\/wp\/v2\/posts\/1758\/revisions\/1767"}],"wp:featuredmedia":[{"embeddable":true,"href":"http:\/\/ipcb-rj.com.br\/index.php?rest_route=\/wp\/v2\/media\/1760"}],"wp:attachment":[{"href":"http:\/\/ipcb-rj.com.br\/index.php?rest_route=%2Fwp%2Fv2%2Fmedia&parent=1758"}],"wp:term":[{"taxonomy":"category","embeddable":true,"href":"http:\/\/ipcb-rj.com.br\/index.php?rest_route=%2Fwp%2Fv2%2Fcategories&post=1758"},{"taxonomy":"post_tag","embeddable":true,"href":"http:\/\/ipcb-rj.com.br\/index.php?rest_route=%2Fwp%2Fv2%2Ftags&post=1758"}],"curies":[{"name":"wp","href":"https:\/\/api.w.org\/{rel}","templated":true}]}}