{"id":1653,"date":"2023-03-29T11:23:52","date_gmt":"2023-03-29T11:23:52","guid":{"rendered":"http:\/\/ipcb-rj.com.br\/?p=1653"},"modified":"2023-03-29T11:24:16","modified_gmt":"2023-03-29T11:24:16","slug":"celebracao-e-memoria-de-carukango","status":"publish","type":"post","link":"http:\/\/ipcb-rj.com.br\/?p=1653","title":{"rendered":"Celebra\u00e7\u00e3o e mem\u00f3ria de Carukango"},"content":{"rendered":"\n<p>No dia 31 de mar\u00e7o de 1831, iniciava-se a invas\u00e3o do Quilombo do Carukango, o maior do Estado do RJ pela terceira vez e comandada pelo Coronel Ant\u00e3o Vasconcelos era o fim do terror dos fazendeiros do Norte Fluminense, que por 20 anos atacou e destruiu v\u00e1rias fazendas e senzalas da regi\u00e3o de Maca\u00e9, Quissam\u00e3, Carapebus e Concei\u00e7\u00e3o de Macabu.<\/p>\n\n\n\n<p>Viva a mem\u00f3ria de do maior guerreiro quilombola do nosso Estado! E para comemorar a data, no dia 31 de mar\u00e7o de 2023 haver\u00e1 a Celebra\u00e7\u00e3o e mem\u00f3ria de Carunkango. O evento ter\u00e1 in\u00edcio a partir das 19hs com Roda de Capoeira e de Jongo, com palco aberto a apresenta\u00e7\u00f5es.<\/p>\n\n\n\n<p>O Ra\u00edzes de Aruanda se localiza na Rua Azeviche, 20 &#8211; Sol Y Mar.<\/p>\n","protected":false},"excerpt":{"rendered":"<p>No dia 31 de mar\u00e7o de 1831, iniciava-se a invas\u00e3o do Quilombo do Carukango, o maior do Estado do RJ pela terceira vez e comandada pelo Coronel Ant\u00e3o Vasconcelos era o fim do terror dos fazendeiros do Norte Fluminense, que por 20 anos atacou e destruiu v\u00e1rias fazendas e senzalas da regi\u00e3o de Maca\u00e9, Quissam\u00e3, [&hellip;]<\/p>\n","protected":false},"author":4,"featured_media":1654,"comment_status":"open","ping_status":"open","sticky":false,"template":"","format":"standard","meta":{"_monsterinsights_skip_tracking":false,"_monsterinsights_sitenote_active":false,"_monsterinsights_sitenote_note":"","_monsterinsights_sitenote_category":0,"footnotes":""},"categories":[6],"tags":[],"class_list":["post-1653","post","type-post","status-publish","format-standard","has-post-thumbnail","hentry","category-agenda-cultural"],"aioseo_notices":[],"_links":{"self":[{"href":"http:\/\/ipcb-rj.com.br\/index.php?rest_route=\/wp\/v2\/posts\/1653","targetHints":{"allow":["GET"]}}],"collection":[{"href":"http:\/\/ipcb-rj.com.br\/index.php?rest_route=\/wp\/v2\/posts"}],"about":[{"href":"http:\/\/ipcb-rj.com.br\/index.php?rest_route=\/wp\/v2\/types\/post"}],"author":[{"embeddable":true,"href":"http:\/\/ipcb-rj.com.br\/index.php?rest_route=\/wp\/v2\/users\/4"}],"replies":[{"embeddable":true,"href":"http:\/\/ipcb-rj.com.br\/index.php?rest_route=%2Fwp%2Fv2%2Fcomments&post=1653"}],"version-history":[{"count":1,"href":"http:\/\/ipcb-rj.com.br\/index.php?rest_route=\/wp\/v2\/posts\/1653\/revisions"}],"predecessor-version":[{"id":1655,"href":"http:\/\/ipcb-rj.com.br\/index.php?rest_route=\/wp\/v2\/posts\/1653\/revisions\/1655"}],"wp:featuredmedia":[{"embeddable":true,"href":"http:\/\/ipcb-rj.com.br\/index.php?rest_route=\/wp\/v2\/media\/1654"}],"wp:attachment":[{"href":"http:\/\/ipcb-rj.com.br\/index.php?rest_route=%2Fwp%2Fv2%2Fmedia&parent=1653"}],"wp:term":[{"taxonomy":"category","embeddable":true,"href":"http:\/\/ipcb-rj.com.br\/index.php?rest_route=%2Fwp%2Fv2%2Fcategories&post=1653"},{"taxonomy":"post_tag","embeddable":true,"href":"http:\/\/ipcb-rj.com.br\/index.php?rest_route=%2Fwp%2Fv2%2Ftags&post=1653"}],"curies":[{"name":"wp","href":"https:\/\/api.w.org\/{rel}","templated":true}]}}