{"id":1639,"date":"2023-03-13T22:24:20","date_gmt":"2023-03-13T22:24:20","guid":{"rendered":"http:\/\/ipcb-rj.com.br\/?p=1639"},"modified":"2023-03-13T22:32:54","modified_gmt":"2023-03-13T22:32:54","slug":"imperatriz-expedita","status":"publish","type":"post","link":"http:\/\/ipcb-rj.com.br\/?p=1639","title":{"rendered":"Imperatriz Expedita"},"content":{"rendered":"\n<p>Quando ISMAEL SILVA batizou o que a velha turma do Est\u00e1cio fazia de ESCOLA DE SAMBA ele acertou na mosca. Realmente era mais do que samba, eram aulas gratuitas para aquele povo que n\u00e3o tinha acesso \u00e0 educa\u00e7\u00e3o. Incrivelmente, hoje nas comunidades cariocas esse n\u00famero ainda \u00e9 enorme, enquanto as escolas p\u00fablicas s\u00e3o sucateadas.<\/p>\n\n\n\n<p>&nbsp;A Imperatriz Leopoldinense (Escola campe\u00e3 de 2023), sem entrar na velha discuss\u00e3o de merecimento de todo o ano, escolhe o enredo: \u201cO aperreio do cabra que o Excomungado tratou com m\u00e1-queren\u00e7a e o Sant\u00edssimo n\u00e3o deu guarida\u201d. Contando uma parte da hist\u00f3ria de Lampi\u00e3o e trouxe a filha dele para o desfile, Sra Expedita Ferreira, de 90 anos de idade.<\/p>\n\n\n\n<p>O nascimento dela mostra a \u00faltima fase do canga\u00e7o, quando passam a aceitar mulheres no bando, foi assim que sua m\u00e3e MARIA BONITA, tb conhecida por Maria de D\u00e9a, apelido de sua m\u00e3e,&nbsp; entrou no bando. Depois de 15 anos, fugindo, trocando tiros e acumulando balas pelo corpo no sert\u00e3o nordestino, o Rei do Canga\u00e7o como era chamado parecia estar cansado daquela vida n\u00f4made e ao conhecer Maria muda a vida do canga\u00e7o, consequentemente autoriza o mesmo pelo resto do bando, d\u00e3o mais autonomia aos sub-grupos de cangaceiros, passam a se esconder mais tempo nas terras dos coron\u00e9is amigos e diminuem o conflito armado tanto com as VOLANTES (grupos para-militares que o perseguiam dia e noite) quanto com as cidades que preferiam lhe dar dinheiro a serem saqueadas pelos cangaceiros.<\/p>\n\n\n\n<p>\u00c9 nesse cen\u00e1rio Maria Bonita engravida pela quarta vez, ap\u00f3s ter sofrido tr\u00eas abortos seguidos na inclemente caatinga do sert\u00e3o. Expedita nasceu na sombra de um UMBUZEIRO com a ajuda de uma parteira e pode ter a companhia de sua m\u00e3e durante um m\u00eas, depois Lampi\u00e3o deu ordem para que a crian\u00e7a fosse entregue a um vaqueiro chamado SEVERO MAMEDE administrador de uma fazenda, perto de PORTO DA FOLHA, em Sergipe. Como a esposa do vaqueiro tinha tido filho a pouco tempo Expedita foi criada como uma \u201cirm\u00e3 g\u00eamea\u201d, em total sigilo, e o vaqueiro tinha ordens de entregar a crian\u00e7a para o irm\u00e3o de Lampi\u00e3o, JO\u00c3O FERREIRA, quando chegasse a idade de frequentar a escola. Para seu custeio, receberia atrav\u00e9s de enviados dinheiro para custear sua cria\u00e7\u00e3o mensalmente.<\/p>\n\n\n\n<p>Mais a inf\u00e2ncia dela nunca foi tranquila e o segredo n\u00e3o pode ser escondido por longo tempo. Ao ser descoberta, a crian\u00e7a foi retirada da guarda da fam\u00edlia do vaqueiro chegando a ter sido tratada pela fam\u00edlia de um juiz local, uma grande ironia da vida. Ap\u00f3s uma briga na Justi\u00e7a, o irm\u00e3o Jo\u00e3o conseguiu a guarda e pode criar a crian\u00e7a em PROPRI\u00c1, cidade de Sergipe.<\/p>\n\n\n\n<p>Seus pais a visitava poucas vezes e sempre com uma log\u00edstica quase \u201cmilitar\u201d de homens e armamentos, mas cinco anos ap\u00f3s seu nascimento, em 1938, eles travariam a sua \u00faltima batalha, na regi\u00e3o chamada de GROTA DO ANGICO, em Sergipe contra a volante do tenente JO\u00c3O BEZERRA aonde morreram 11 no local, entre eles Lampi\u00e3o e Maria Bonita. Suas cabe\u00e7as foram decepadas e colocadas em latas de querosene, aguardente e cal e expostos nas pra\u00e7as p\u00fablicas por onde a volante passou at\u00e9 chegar no IML de Aracaju. Uma hist\u00f3ria que merece ser contada em outra oportunidade.<\/p>\n\n\n\n<p>O corpo morre, mas a lenda permanece e ainda conquista t\u00edtulos.&nbsp;<\/p>\n\n\n\n<p>Parab\u00e9ns Imperatriz !<\/p>\n\n\n\n<p>Andr\u00e9 Luiz S. Marinho<\/p>\n\n\n\n<p>(Contramestre de capoeira, pesquisador de cultura popular e batuqueiro)<\/p>\n","protected":false},"excerpt":{"rendered":"<p>Quando ISMAEL SILVA batizou o que a velha turma do Est\u00e1cio fazia de ESCOLA DE SAMBA ele acertou na mosca. Realmente era mais do que samba, eram aulas gratuitas para aquele povo que n\u00e3o tinha acesso \u00e0 educa\u00e7\u00e3o. Incrivelmente, hoje nas comunidades cariocas esse n\u00famero ainda \u00e9 enorme, enquanto as escolas p\u00fablicas s\u00e3o sucateadas. &nbsp;A [&hellip;]<\/p>\n","protected":false},"author":4,"featured_media":1646,"comment_status":"open","ping_status":"open","sticky":false,"template":"","format":"standard","meta":{"_monsterinsights_skip_tracking":false,"_monsterinsights_sitenote_active":false,"_monsterinsights_sitenote_note":"","_monsterinsights_sitenote_category":0,"footnotes":""},"categories":[17],"tags":[],"class_list":["post-1639","post","type-post","status-publish","format-standard","has-post-thumbnail","hentry","category-historia-e-cultura"],"aioseo_notices":[],"_links":{"self":[{"href":"http:\/\/ipcb-rj.com.br\/index.php?rest_route=\/wp\/v2\/posts\/1639","targetHints":{"allow":["GET"]}}],"collection":[{"href":"http:\/\/ipcb-rj.com.br\/index.php?rest_route=\/wp\/v2\/posts"}],"about":[{"href":"http:\/\/ipcb-rj.com.br\/index.php?rest_route=\/wp\/v2\/types\/post"}],"author":[{"embeddable":true,"href":"http:\/\/ipcb-rj.com.br\/index.php?rest_route=\/wp\/v2\/users\/4"}],"replies":[{"embeddable":true,"href":"http:\/\/ipcb-rj.com.br\/index.php?rest_route=%2Fwp%2Fv2%2Fcomments&post=1639"}],"version-history":[{"count":3,"href":"http:\/\/ipcb-rj.com.br\/index.php?rest_route=\/wp\/v2\/posts\/1639\/revisions"}],"predecessor-version":[{"id":1647,"href":"http:\/\/ipcb-rj.com.br\/index.php?rest_route=\/wp\/v2\/posts\/1639\/revisions\/1647"}],"wp:featuredmedia":[{"embeddable":true,"href":"http:\/\/ipcb-rj.com.br\/index.php?rest_route=\/wp\/v2\/media\/1646"}],"wp:attachment":[{"href":"http:\/\/ipcb-rj.com.br\/index.php?rest_route=%2Fwp%2Fv2%2Fmedia&parent=1639"}],"wp:term":[{"taxonomy":"category","embeddable":true,"href":"http:\/\/ipcb-rj.com.br\/index.php?rest_route=%2Fwp%2Fv2%2Fcategories&post=1639"},{"taxonomy":"post_tag","embeddable":true,"href":"http:\/\/ipcb-rj.com.br\/index.php?rest_route=%2Fwp%2Fv2%2Ftags&post=1639"}],"curies":[{"name":"wp","href":"https:\/\/api.w.org\/{rel}","templated":true}]}}